{"id":5959,"date":"2025-06-26T16:30:00","date_gmt":"2025-06-26T16:30:00","guid":{"rendered":"https:\/\/dev.midiasim.net.br\/saojosebasketball\/?p=5959"},"modified":"2025-06-30T13:19:17","modified_gmt":"2025-06-30T13:19:17","slug":"sao-jose-basketball-inicia-participacao-na-liga-de-desenvolvimento-2025","status":"publish","type":"post","link":"https:\/\/dev.midiasim.net.br\/saojosebasketball\/sao-jose-basketball-inicia-participacao-na-liga-de-desenvolvimento-2025\/","title":{"rendered":"S\u00e3o Jos\u00e9 Basketball inicia participa\u00e7\u00e3o na Liga de Desenvolvimento 2025"},"content":{"rendered":"\n<p class=\"has-text-align-center wp-block-paragraph\"><em>Time joseense estreia nesta sexta-feira na maior competi\u00e7\u00e3o Sub22 do pa\u00eds<\/em> (Foto: Yasmin Freitas\/LNB)<\/p>\n\n\n\n<p class=\"wp-block-paragraph\">O S\u00e3o Jos\u00e9 Basketball inicia nesta sexta-feira (27) sua participa\u00e7\u00e3o na primeira etapa da Liga de Desenvolvimento, a maior competi\u00e7\u00e3o Sub22 do basquete nacional.<\/p>\n\n\n\n<p class=\"wp-block-paragraph\">A partida de estreia do time joseense acontecer\u00e1 \u00e0s 13h30, no gin\u00e1sio Hugo Ramos, em Mogi das Cruzes, diante do Uni\u00e3o Corinthians. Depois, o clube de S\u00e3o Jos\u00e9 dos Campos segue na cidade mogiana, onde enfrentar\u00e1 as seguintes equipes at\u00e9 o dia 3 de julho: Bras\u00edlia, Pato, Minas, Campo Mour\u00e3o e Caxias do Sul.<\/p>\n\n\n\n<p class=\"wp-block-paragraph\">Posteriormente, a segunda etapa ser\u00e1 realizada em S\u00e3o Paulo, no Esporte Clube Pinheiros, onde os joseenses enfrentar\u00e3o os donos da casa, Mogi, Sesi Franca e o ADRM Maring\u00e1, entre os dias 29 de julho e 2 de agosto. A etapa final ser\u00e1 disputada em sede a confirmar, no m\u00eas de setembro.<\/p>\n\n\n\n<p class=\"wp-block-paragraph\">\u201cA equipe j\u00e1 vem se preparando para jogar a LDB por conta do Paulista Sub20, agora teremos a inclus\u00e3o de tr\u00eas pe\u00e7as que s\u00e3o um pouquinho mais velhas, que s\u00e3o o Gabriel Pedrosa, o Vitor Traldi e o Caio, s\u00e3o atletas de 21 anos, enquanto todos os demais s\u00e3o de 20, 19 e 18 anos de idade, ent\u00e3o s\u00e3o atletas bem jovens, mas que tem muita qualidade. Vamos sentir um pouco de dificuldade devido \u00e0 diferen\u00e7a de idade e for\u00e7a, mas temos tamb\u00e9m a facilidade de ser um grupo muito entrosado. Esse entrosamento \u00e9 algo que pode ser um diferencial para n\u00f3s e tentaremos explorar\u201d, afirmou Cristiano Ahmed, t\u00e9cnico do S\u00e3o Jos\u00e9 Basketball na LDB.<\/p>\n\n\n\n<p class=\"wp-block-paragraph\">A edi\u00e7\u00e3o desse ano contar\u00e1 com 22 equipes participantes e seguir\u00e1 o regulamento j\u00e1 estabelecido no ano anterior: os clubes ser\u00e3o divididos igualmente em dois grupos, denominados &#8220;A&#8221; e &#8220;B&#8221;, cada um com 11 times. Os quatro primeiros colocados de cada grupo avan\u00e7am para a s\u00e9rie ouro e decidir\u00e3o o t\u00edtulo da competi\u00e7\u00e3o. De quinto a oitavo lugar nos grupos disputar\u00e3o a s\u00e9rie prata, e os tr\u00eas \u00faltimos jogar\u00e3o a s\u00e9rie bronze para defini\u00e7\u00e3o das posi\u00e7\u00f5es finais.<\/p>\n\n\n\n<p class=\"wp-block-paragraph\">Confira a tabela de jogos do S\u00e3o Jos\u00e9 Basketball na etapa inicial:<\/p>\n\n\n\n<p class=\"wp-block-paragraph\">27\/06 \u00e0s 13h30 (sexta-feira) &#8211; S\u00e3o Jos\u00e9 x Uni\u00e3o Corinthians &#8211; Gin\u00e1sio Hugo Ramos<\/p>\n\n\n\n<p class=\"wp-block-paragraph\">28\/06 \u00e0s 13h30 (s\u00e1bado) &#8211; S\u00e3o Jos\u00e9 x Bras\u00edlia &#8211; Gin\u00e1sio Hugo Ramos<\/p>\n\n\n\n<p class=\"wp-block-paragraph\">29\/06 \u00e0s 15h45 (domingo) &#8211; S\u00e3o Jos\u00e9 x Pato &#8211; Gin\u00e1sio Hugo Ramos<\/p>\n\n\n\n<p class=\"wp-block-paragraph\">01\/07 \u00e0s 11h15 (ter\u00e7a-feira) &#8211; S\u00e3o Jos\u00e9 x Minas &#8211; Gin\u00e1sio Hugo Ramos<\/p>\n\n\n\n<p class=\"wp-block-paragraph\">02\/07 \u00e0s 13h30 (quarta-feira) &#8211; S\u00e3o Jos\u00e9 x Campo Mour\u00e3o &#8211; Gin\u00e1sio Hugo Ramos<\/p>\n\n\n\n<p class=\"wp-block-paragraph\">03\/07 \u00e0s 15h45 (quinta-feira) &#8211; S\u00e3o Jos\u00e9 x Caxias do Sul &#8211; Gin\u00e1sio Hugo Ramos<\/p>\n\n\n\n<p class=\"wp-block-paragraph\">\u201cO objetivo \u00e9 ficarmos entre os oito melhores, a exemplo dos \u00faltimos anos, que felizmente conseguimos, mas temos em mente que \u00e9 dif\u00edcil porque existem equipes que s\u00e3o mais velhas, equipes que utilizam mais jogadores que est\u00e3o no adulto. Nossa maior expectativa \u00e9 ficar entre os oito primeiros, darmos espa\u00e7o para os jovens despontarem, e, quem sabe, conseguirem compor nosso time adulto tamb\u00e9m\u201d, destacou o treinador joseense.<\/p>\n\n\n\n<p class=\"wp-block-paragraph\">O S\u00e3o Jos\u00e9 Basketball j\u00e1 alcan\u00e7ou tr\u00eas vezes a decis\u00e3o da Liga de Desenvolvimento, sendo vice-campe\u00e3o do torneio nessas ocasi\u00f5es. Na edi\u00e7\u00e3o anterior, em 2024, o clube avan\u00e7ou para a s\u00e9rie ouro e encerrou sua participa\u00e7\u00e3o na competi\u00e7\u00e3o na sexta coloca\u00e7\u00e3o, se firmando mais uma vez entre as principais equipes de base do pa\u00eds.<\/p>\n\n\n\n<p class=\"wp-block-paragraph\">A LDB \u00e9 uma competi\u00e7\u00e3o organizada pela Liga Nacional de Basquete (LNB), em parceria com o Comit\u00ea Brasileiro de Clubes (CBC) e a CBB , com patroc\u00ednio master Caixa Econ\u00f4mica e governo federal, bola oficial Penalty, Patrocinadores, Whirlpool, Ernst &amp; Young, Universidades Cruzeiro do Sul e UMP, Parceiro oficial, infraero e apoio, Genius Sports.<\/p>\n\n\n\n<p class=\"wp-block-paragraph\">A Equipe do Mr.Moo S\u00e3o Jos\u00e9 Basketball conta com o patroc\u00ednio do Mr.Moo, Vinac Cons\u00f3rcios, Oscar Cal\u00e7ados, DM e Shopping Jardim Oriente. Apoio da Tomovale, Cl\u00ednica Cotrel, RT Sports, \u00c1gua Monteiro Lobato, Padaria Kennedy, Com-Sci\u00eancia Sa\u00fade, Emercor, doTERRA e Academia Vale Fight Club. Gest\u00e3o do S\u00e3o Jos\u00e9 Desportivo. O projeto \u00e9 uma realiza\u00e7\u00e3o da Prefeitura de S\u00e3o Jos\u00e9 dos Campos.<\/p>\n\n\n\n<p class=\"wp-block-paragraph\"><strong>Servi\u00e7o:<\/strong><\/p>\n\n\n\n<p class=\"wp-block-paragraph\">S\u00e3o Jos\u00e9 Basketball inicia participa\u00e7\u00e3o na Liga de Desenvolvimento 2025<\/p>\n\n\n\n<p class=\"wp-block-paragraph\"><strong>Elenco:<\/strong><\/p>\n\n\n\n<p class=\"wp-block-paragraph\">Armadores: Jo\u00e3o Nickel, Gabriel Pedrosa e Jo\u00e3o Guimar\u00e3es<\/p>\n\n\n\n<p class=\"wp-block-paragraph\">Ala\/armadores: Caio Oliveira, Germ\u00e1n Misetich e Vitor Traldi<\/p>\n\n\n\n<p class=\"wp-block-paragraph\">Alas: Henrique Soto, Gabriel Pessoa e Arthur Jorge<\/p>\n\n\n\n<p class=\"wp-block-paragraph\">Ala\/piv\u00f4s: Bruno Foresti e Pedro Emanoel<\/p>\n\n\n\n<p class=\"wp-block-paragraph\">Piv\u00f4s: Nat\u00e3 Nascimento e Matheus Costa<\/p>\n\n\n\n<p class=\"wp-block-paragraph\"><strong>Comiss\u00e3o t\u00e9cnica:<\/strong><\/p>\n\n\n\n<p class=\"wp-block-paragraph\">Luis In\u00e1cio Messias \u2013 Diretor Geral<\/p>\n\n\n\n<p class=\"wp-block-paragraph\">Andr\u00e9 Stefanelli (Ded\u00e9) \u2013 Supervisor T\u00e9cnico<\/p>\n\n\n\n<p class=\"wp-block-paragraph\">Cristiano Ahmed \u2013T\u00e9cnico<\/p>\n\n\n\n<p class=\"wp-block-paragraph\">Pedro Morais \u2013 Assistente T\u00e9cnico<\/p>\n\n\n\n<p class=\"wp-block-paragraph\">Matheus Guirro \u2013 Assistente T\u00e9cnico<\/p>\n\n\n\n<p class=\"wp-block-paragraph\">Hugo Costa Schwartz Mansoldo &#8211; Assistente T\u00e9cnico<\/p>\n\n\n\n<p class=\"wp-block-paragraph\">Paulo Nery- Preparador F\u00edsico<\/p>\n\n\n\n<p class=\"wp-block-paragraph\">Geraldo Sampaio \u2013 Atendente<\/p>\n\n\n\n<p class=\"wp-block-paragraph\"><strong>Gest\u00e3o:<\/strong> S\u00e3o Jos\u00e9 Desportivo<\/p>\n\n\n\n<p class=\"wp-block-paragraph\"><strong>Realiza\u00e7\u00e3o:<\/strong> Prefeitura Municipal de S\u00e3o Jos\u00e9 dos Campos<\/p>\n\n\n\n<p class=\"wp-block-paragraph\"><strong>Assessoria de Imprensa e Comunica\u00e7\u00e3o \u2013 Ag\u00eancia NTZ<\/strong><\/p>\n","protected":false},"excerpt":{"rendered":"<p>Time joseense estreia nesta sexta-feira na maior competi\u00e7\u00e3o Sub22 do pa\u00eds (Foto: Yasmin Freitas\/LNB) O S\u00e3o Jos\u00e9 Basketball inicia nesta sexta-feira (27) sua participa\u00e7\u00e3o na primeira etapa da Liga de Desenvolvimento, a maior competi\u00e7\u00e3o Sub22 do basquete nacional. A partida de estreia do time joseense acontecer\u00e1 \u00e0s 13h30, no gin\u00e1sio Hugo Ramos, em Mogi das [&hellip;]<\/p>\n","protected":false},"author":3,"featured_media":5963,"comment_status":"open","ping_status":"open","sticky":false,"template":"","format":"standard","meta":{"footnotes":""},"categories":[62,28],"tags":[],"class_list":["post-5959","post","type-post","status-publish","format-standard","has-post-thumbnail","hentry","category-equipe-masculina","category-noticias"],"_links":{"self":[{"href":"https:\/\/dev.midiasim.net.br\/saojosebasketball\/wp-json\/wp\/v2\/posts\/5959","targetHints":{"allow":["GET"]}}],"collection":[{"href":"https:\/\/dev.midiasim.net.br\/saojosebasketball\/wp-json\/wp\/v2\/posts"}],"about":[{"href":"https:\/\/dev.midiasim.net.br\/saojosebasketball\/wp-json\/wp\/v2\/types\/post"}],"author":[{"embeddable":true,"href":"https:\/\/dev.midiasim.net.br\/saojosebasketball\/wp-json\/wp\/v2\/users\/3"}],"replies":[{"embeddable":true,"href":"https:\/\/dev.midiasim.net.br\/saojosebasketball\/wp-json\/wp\/v2\/comments?post=5959"}],"version-history":[{"count":0,"href":"https:\/\/dev.midiasim.net.br\/saojosebasketball\/wp-json\/wp\/v2\/posts\/5959\/revisions"}],"wp:featuredmedia":[{"embeddable":true,"href":"https:\/\/dev.midiasim.net.br\/saojosebasketball\/wp-json\/wp\/v2\/media\/5963"}],"wp:attachment":[{"href":"https:\/\/dev.midiasim.net.br\/saojosebasketball\/wp-json\/wp\/v2\/media?parent=5959"}],"wp:term":[{"taxonomy":"category","embeddable":true,"href":"https:\/\/dev.midiasim.net.br\/saojosebasketball\/wp-json\/wp\/v2\/categories?post=5959"},{"taxonomy":"post_tag","embeddable":true,"href":"https:\/\/dev.midiasim.net.br\/saojosebasketball\/wp-json\/wp\/v2\/tags?post=5959"}],"curies":[{"name":"wp","href":"https:\/\/api.w.org\/{rel}","templated":true}]}}