{"id":5970,"date":"2025-06-27T12:50:00","date_gmt":"2025-06-27T12:50:00","guid":{"rendered":"https:\/\/dev.midiasim.net.br\/saojosebasketball\/?p=5970"},"modified":"2025-06-30T13:26:26","modified_gmt":"2025-06-30T13:26:26","slug":"morre-chicao-supervisor-administrativo-do-sao-jose-basketball","status":"publish","type":"post","link":"https:\/\/dev.midiasim.net.br\/saojosebasketball\/morre-chicao-supervisor-administrativo-do-sao-jose-basketball\/","title":{"rendered":"Morre Chic\u00e3o, Supervisor Administrativo do S\u00e3o Jos\u00e9 Basketball"},"content":{"rendered":"\n<p class=\"has-text-align-center wp-block-paragraph\">Francisco Toledo faleceu nesta sexta-feira, aos 72 anos de idade<\/p>\n\n\n\n<p class=\"wp-block-paragraph\">Faleceu nesta sexta-feira (27) Francisco Carlos Flora de Toledo, o Chic\u00e3o, Supervisor Administrativo do S\u00e3o Jos\u00e9 Basketball, aos 72 anos de idade, ap\u00f3s uma parada card\u00edaca.<\/p>\n\n\n\n<p class=\"wp-block-paragraph\">Natural de S\u00e3o Jos\u00e9 dos Campos, Chic\u00e3o iniciou sua trajet\u00f3ria com o basquete no Col\u00e9gio Jo\u00e3o Cursino durante o ensino m\u00e9dio, quando foi aluno do hist\u00f3rico jogador e medalhista ol\u00edmpico Alberto Marson. Ele chegou a jogar pelo time de S\u00e3o Jos\u00e9, na \u00e9poca em que era chamado T\u00eanis Clube S\u00e3o Jos\u00e9, nas d\u00e9cadas de 60 e 70, sendo companheiro de equipe de Edvar Sim\u00f5es.<\/p>\n\n\n\n<p class=\"wp-block-paragraph\">Depois disso, Chic\u00e3o se afastou do basquete e retornou ao clube em 2013 na fun\u00e7\u00e3o de Supervisor Administrativo, cargo que exerceu at\u00e9 seu falecimento. Nesse per\u00edodo, ele participou das conquistas do Campeonato Paulista de 2015, o Campeonato Brasileiro da CBB em 2022 e da Copa S\u00e3o Paulo de 2022, al\u00e9m do vice-campeonato Paulista de 2024, sendo reconhecido por todos como uma figura muito querida do esporte de S\u00e3o Jos\u00e9 dos Campos.<\/p>\n\n\n\n<p class=\"wp-block-paragraph\">Chic\u00e3o estava no Hospital Pio XII de S\u00e3o Jos\u00e9 dos Campos para o tratamento de um c\u00e2ncer no est\u00f4mago e faleceu ap\u00f3s uma parada card\u00edaca na manh\u00e3 desta sexta-feira. Ele deixa uma filha e um neto. O vel\u00f3rio ser\u00e1 realizado nesta sexta \u00e0s 15h e o sepultamento acontecer\u00e1 neste s\u00e1bado (28), \u00e0s 10h, no cemit\u00e9rio do Centro.<\/p>\n\n\n\n<p class=\"wp-block-paragraph\">Em nota divulgada nas redes sociais, o clube lamentou o falecimento. Confira na \u00edntegra:<\/p>\n\n\n\n<p class=\"wp-block-paragraph\">&#8220;Com muito pesar, nos despedimos de Francisco Carlos Flora de Toledo, o Chic\u00e3o, grande colaborador que dedicou mais de uma d\u00e9cada ao S\u00e3o Jos\u00e9 Basketball. Sua contribui\u00e7\u00e3o, profissionalismo e amor pelo clube marcaram profundamente a nossa trajet\u00f3ria.<\/p>\n\n\n\n<p class=\"wp-block-paragraph\">Neste momento de luto, expressamos nossa solidariedade \u00e0 fam\u00edlia, aos amigos e a todos que tiveram o privil\u00e9gio de conviver com ele. Seu legado seguir\u00e1 presente em nosso time.<\/p>\n\n\n\n<p class=\"wp-block-paragraph\">Obrigado por tudo, descanse em paz, Chic\u00e3o!&#8221;<\/p>\n\n\n\n<p class=\"wp-block-paragraph\"><strong>Servi\u00e7o:<\/strong><\/p>\n\n\n\n<p class=\"wp-block-paragraph\">Morre Chic\u00e3o, Supervisor Administrativo do S\u00e3o Jos\u00e9 Basketball<\/p>\n\n\n\n<p class=\"wp-block-paragraph\"><strong>Patroc\u00ednio:<\/strong> Mr.Moo | Vinac Cons\u00f3rcios | Oscar Cal\u00e7ados | DM | Shopping Jardim Oriente<\/p>\n\n\n\n<p class=\"wp-block-paragraph\"><strong>Parceria:<\/strong> Tomovale | Cl\u00ednica Cotrel | Emercor | RT Sports | Padaria Kennedy | Com-Sci\u00eancia Sa\u00fade | Academia Vale Fight Club | doTERRA<\/p>\n\n\n\n<p class=\"wp-block-paragraph\"><strong>Gest\u00e3o:<\/strong> S\u00e3o Jos\u00e9 Desportivo<\/p>\n\n\n\n<p class=\"wp-block-paragraph\"><strong>Realiza\u00e7\u00e3o:<\/strong> Prefeitura Municipal de S\u00e3o Jos\u00e9 dos Campos<\/p>\n\n\n\n<p class=\"wp-block-paragraph\"><strong>Assessoria de Imprensa e Comunica\u00e7\u00e3o \u2013 Ag\u00eancia NTZ<\/strong><\/p>\n","protected":false},"excerpt":{"rendered":"<p>Francisco Toledo faleceu nesta sexta-feira, aos 72 anos de idade Faleceu nesta sexta-feira (27) Francisco Carlos Flora de Toledo, o Chic\u00e3o, Supervisor Administrativo do S\u00e3o Jos\u00e9 Basketball, aos 72 anos de idade, ap\u00f3s uma parada card\u00edaca. Natural de S\u00e3o Jos\u00e9 dos Campos, Chic\u00e3o iniciou sua trajet\u00f3ria com o basquete no Col\u00e9gio Jo\u00e3o Cursino durante o [&hellip;]<\/p>\n","protected":false},"author":3,"featured_media":5971,"comment_status":"open","ping_status":"open","sticky":false,"template":"","format":"standard","meta":{"footnotes":""},"categories":[62,28],"tags":[],"class_list":["post-5970","post","type-post","status-publish","format-standard","has-post-thumbnail","hentry","category-equipe-masculina","category-noticias"],"_links":{"self":[{"href":"https:\/\/dev.midiasim.net.br\/saojosebasketball\/wp-json\/wp\/v2\/posts\/5970","targetHints":{"allow":["GET"]}}],"collection":[{"href":"https:\/\/dev.midiasim.net.br\/saojosebasketball\/wp-json\/wp\/v2\/posts"}],"about":[{"href":"https:\/\/dev.midiasim.net.br\/saojosebasketball\/wp-json\/wp\/v2\/types\/post"}],"author":[{"embeddable":true,"href":"https:\/\/dev.midiasim.net.br\/saojosebasketball\/wp-json\/wp\/v2\/users\/3"}],"replies":[{"embeddable":true,"href":"https:\/\/dev.midiasim.net.br\/saojosebasketball\/wp-json\/wp\/v2\/comments?post=5970"}],"version-history":[{"count":0,"href":"https:\/\/dev.midiasim.net.br\/saojosebasketball\/wp-json\/wp\/v2\/posts\/5970\/revisions"}],"wp:featuredmedia":[{"embeddable":true,"href":"https:\/\/dev.midiasim.net.br\/saojosebasketball\/wp-json\/wp\/v2\/media\/5971"}],"wp:attachment":[{"href":"https:\/\/dev.midiasim.net.br\/saojosebasketball\/wp-json\/wp\/v2\/media?parent=5970"}],"wp:term":[{"taxonomy":"category","embeddable":true,"href":"https:\/\/dev.midiasim.net.br\/saojosebasketball\/wp-json\/wp\/v2\/categories?post=5970"},{"taxonomy":"post_tag","embeddable":true,"href":"https:\/\/dev.midiasim.net.br\/saojosebasketball\/wp-json\/wp\/v2\/tags?post=5970"}],"curies":[{"name":"wp","href":"https:\/\/api.w.org\/{rel}","templated":true}]}}