{"id":5973,"date":"2025-07-08T17:45:00","date_gmt":"2025-07-08T17:45:00","guid":{"rendered":"https:\/\/dev.midiasim.net.br\/saojosebasketball\/?p=5973"},"modified":"2025-07-10T14:30:21","modified_gmt":"2025-07-10T14:30:21","slug":"mr-moo-sao-jose-basketball-oficializa-permanencia-de-adyel-borges","status":"publish","type":"post","link":"https:\/\/dev.midiasim.net.br\/saojosebasketball\/mr-moo-sao-jose-basketball-oficializa-permanencia-de-adyel-borges\/","title":{"rendered":"Mr.Moo S\u00e3o Jos\u00e9 Basketball oficializa perman\u00eancia de Adyel Borges"},"content":{"rendered":"\n<p class=\"wp-block-paragraph\"><em>Ala\/armador segue na equipe joseense ap\u00f3s ser um dos destaques na temporada passada<\/em><\/p>\n\n\n\n<p class=\"wp-block-paragraph\">O Mr.Moo S\u00e3o Jos\u00e9 Basketball anunciou nesta ter\u00e7a-feira (8) a renova\u00e7\u00e3o de contrato com o ala\/armador Adyel Borges, de 23 anos, para compor o plantel da equipe na disputa da temporada 2025\/26.<\/p>\n\n\n\n<p class=\"wp-block-paragraph\">O jogador, que terminou como cestinha da \u00faltima edi\u00e7\u00e3o do Campeonato Paulista jogando pelo Pinheiros, chegou ao clube joseense durante a disputa do NBB. No torneio nacional, o atleta registrou os melhores n\u00fameros de sua promissora carreira, com m\u00e9dias de 13.9 pontos, 4.8 rebotes e 3.7 assist\u00eancias, al\u00e9m de ser o segundo maior ladr\u00e3o de bola da Liga, com m\u00e9dia de 1.9 roubos de bola por partida.<\/p>\n\n\n\n<p class=\"wp-block-paragraph\">Durante esse per\u00edodo em S\u00e3o Jos\u00e9 dos Campos, Adyel foi convocado pela primeira vez na carreira para defender a Sele\u00e7\u00e3o Brasileira adulta, e, mais uma vez, foi selecionado para participar do Jogo das Estrelas do NBB no time das jovens estrelas.<\/p>\n\n\n\n<p class=\"wp-block-paragraph\">\u201cEstou muito feliz pela oportunidade de seguir mais um ano em S\u00e3o Jos\u00e9. Foi uma temporada e tanto. Me sinto em casa desde quando cheguei aqui, e vi que esse lugar me leva a melhorar todos os dias, por isso escolhi ficar por mais uma temporada\u201d, destacou Adyel.<\/p>\n\n\n\n<p class=\"wp-block-paragraph\">O ala\/armador foi um dos destaques da edi\u00e7\u00e3o passada do NBB, sendo o cestinha do time joseense, e agora almeja<\/p>\n\n\n\n<p class=\"wp-block-paragraph\">\u201cFiquei muito feliz com minha atua\u00e7\u00e3o de um modo geral na \u00faltima temporada, mas creio que posso entregar mais em todas as \u00e1reas, e \u00e9 isso que buscarei fazer. Quero entregar tudo aquilo que o time precisar de mim nos jogos, e acredito que os resultados ser\u00e3o uma consequ\u00eancia desse trabalho\u201d, disse.<\/p>\n\n\n\n<h2 class=\"wp-block-heading\"><strong>Elenco<\/strong><\/h2>\n\n\n\n<p class=\"wp-block-paragraph\">Adyel Borges foi o primeiro nome anunciado pelo Mr.Moo S\u00e3o Jos\u00e9 Basketball como parte de seu elenco. O treinador R\u00e9gis Marrelli e toda a comiss\u00e3o t\u00e9cnica permanecem.<\/p>\n\n\n\n<p class=\"wp-block-paragraph\">O primeiro compromisso do time joseense na temporada ser\u00e1 o Campeonato Paulista, com in\u00edcio previsto para o dia 2 de agosto, um s\u00e1bado, \u00e0s 18h, em casa, contra o SL Mandic Limeira.<\/p>\n\n\n\n<p class=\"wp-block-paragraph\">A Equipe do Mr.Moo S\u00e3o Jos\u00e9 Basketball conta com o patroc\u00ednio do Mr.Moo, Milclean, \u00c1rbore Engenharia, Vinac Cons\u00f3rcios, Raposo Engenharia, Valebeton, Oscar Cal\u00e7ados, DM e Shopping Jardim Oriente. Apoio da Tomovale, Cl\u00ednica Cotrel, RT Sports, \u00c1gua Monteiro Lobato, Padaria Kennedy, Com-Sci\u00eancia Sa\u00fade, Emercor, doTERRA e Academia Vale Fight Club. Gest\u00e3o do S\u00e3o Jos\u00e9 Desportivo. O projeto \u00e9 uma realiza\u00e7\u00e3o da Prefeitura de S\u00e3o Jos\u00e9 dos Campos.<\/p>\n\n\n\n<h2 class=\"wp-block-heading\"><strong>Servi\u00e7o:<\/strong><\/h2>\n\n\n\n<p class=\"wp-block-paragraph\">Mr.Moo S\u00e3o Jos\u00e9 Basketball oficializa perman\u00eancia de Adyel Borges<\/p>\n\n\n\n<p class=\"wp-block-paragraph\"><strong>Elenco:<\/strong><\/p>\n\n\n\n<p class=\"wp-block-paragraph\">Ala\/armador: Adyel Borges<\/p>\n\n\n\n<p class=\"wp-block-paragraph\"><strong>Comiss\u00e3o t\u00e9cnica:<\/strong><\/p>\n\n\n\n<p class=\"wp-block-paragraph\">Luis In\u00e1cio Messias \u2013 Diretor Geral<\/p>\n\n\n\n<p class=\"wp-block-paragraph\">Andr\u00e9 Stefanelli (Ded\u00e9) \u2013 Supervisor T\u00e9cnico<\/p>\n\n\n\n<p class=\"wp-block-paragraph\">R\u00e9gis Marrelli \u2013 T\u00e9cnico<\/p>\n\n\n\n<p class=\"wp-block-paragraph\">Cristiano Ahmed \u2013 Assistente T\u00e9cnico<\/p>\n\n\n\n<p class=\"wp-block-paragraph\">Paulo Nery &#8211; Preparador F\u00edsico<\/p>\n\n\n\n<p class=\"wp-block-paragraph\">Matheus Guirro &#8211; Assistente de V\u00eddeo<\/p>\n\n\n\n<p class=\"wp-block-paragraph\">Pedro Morais &#8211; Estat\u00edstico<\/p>\n\n\n\n<p class=\"wp-block-paragraph\">Dr. Diego Braga &#8211; M\u00e9dico<\/p>\n\n\n\n<p class=\"wp-block-paragraph\">Igor de Lima &#8211; Fisioterapeuta<\/p>\n\n\n\n<p class=\"wp-block-paragraph\">Fernando dos Santos&nbsp;&#8211; Atendente<\/p>\n\n\n\n<p class=\"wp-block-paragraph\">Geraldo Sampaio \u2013 Atendente<\/p>\n\n\n\n<p class=\"wp-block-paragraph\"><strong>Patroc\u00ednio:<\/strong> Mr.Moo | Milclean | \u00c1rbore Engenharia | Vinac Cons\u00f3rcios | Raposo Engenharia | Valebeton | Oscar Cal\u00e7ados | DM | Shopping Jardim Oriente<\/p>\n\n\n\n<p class=\"wp-block-paragraph\"><strong>Parceria:<\/strong> Tomovale | Cl\u00ednica Cotrel | Emercor | RT Sports | Padaria Kennedy | Com-Sci\u00eancia Sa\u00fade | Academia Vale Fight Club | doTERRA<\/p>\n\n\n\n<p class=\"wp-block-paragraph\"><strong>Gest\u00e3o:<\/strong> S\u00e3o Jos\u00e9 Desportivo<\/p>\n\n\n\n<p class=\"wp-block-paragraph\"><strong>Realiza\u00e7\u00e3o:<\/strong> Prefeitura Municipal de S\u00e3o Jos\u00e9 dos Campos<\/p>\n\n\n\n<p class=\"wp-block-paragraph\"><strong>Assessoria de Imprensa e Comunica\u00e7\u00e3o \u2013 Ag\u00eancia NTZ<\/strong><\/p>\n","protected":false},"excerpt":{"rendered":"<p>Ala\/armador segue na equipe joseense ap\u00f3s ser um dos destaques na temporada passada O Mr.Moo S\u00e3o Jos\u00e9 Basketball anunciou nesta ter\u00e7a-feira (8) a renova\u00e7\u00e3o de contrato com o ala\/armador Adyel Borges, de 23 anos, para compor o plantel da equipe na disputa da temporada 2025\/26. O jogador, que terminou como cestinha da \u00faltima edi\u00e7\u00e3o do [&hellip;]<\/p>\n","protected":false},"author":3,"featured_media":5974,"comment_status":"open","ping_status":"open","sticky":false,"template":"","format":"standard","meta":{"footnotes":""},"categories":[62,28],"tags":[],"class_list":["post-5973","post","type-post","status-publish","format-standard","has-post-thumbnail","hentry","category-equipe-masculina","category-noticias"],"_links":{"self":[{"href":"https:\/\/dev.midiasim.net.br\/saojosebasketball\/wp-json\/wp\/v2\/posts\/5973","targetHints":{"allow":["GET"]}}],"collection":[{"href":"https:\/\/dev.midiasim.net.br\/saojosebasketball\/wp-json\/wp\/v2\/posts"}],"about":[{"href":"https:\/\/dev.midiasim.net.br\/saojosebasketball\/wp-json\/wp\/v2\/types\/post"}],"author":[{"embeddable":true,"href":"https:\/\/dev.midiasim.net.br\/saojosebasketball\/wp-json\/wp\/v2\/users\/3"}],"replies":[{"embeddable":true,"href":"https:\/\/dev.midiasim.net.br\/saojosebasketball\/wp-json\/wp\/v2\/comments?post=5973"}],"version-history":[{"count":0,"href":"https:\/\/dev.midiasim.net.br\/saojosebasketball\/wp-json\/wp\/v2\/posts\/5973\/revisions"}],"wp:featuredmedia":[{"embeddable":true,"href":"https:\/\/dev.midiasim.net.br\/saojosebasketball\/wp-json\/wp\/v2\/media\/5974"}],"wp:attachment":[{"href":"https:\/\/dev.midiasim.net.br\/saojosebasketball\/wp-json\/wp\/v2\/media?parent=5973"}],"wp:term":[{"taxonomy":"category","embeddable":true,"href":"https:\/\/dev.midiasim.net.br\/saojosebasketball\/wp-json\/wp\/v2\/categories?post=5973"},{"taxonomy":"post_tag","embeddable":true,"href":"https:\/\/dev.midiasim.net.br\/saojosebasketball\/wp-json\/wp\/v2\/tags?post=5973"}],"curies":[{"name":"wp","href":"https:\/\/api.w.org\/{rel}","templated":true}]}}