{"id":6032,"date":"2025-07-11T17:05:00","date_gmt":"2025-07-11T17:05:00","guid":{"rendered":"https:\/\/dev.midiasim.net.br\/saojosebasketball\/?p=6032"},"modified":"2025-11-10T19:06:35","modified_gmt":"2025-11-10T19:06:35","slug":"mr-moo-sao-jose-basketball-anuncia-retorno-do-armador-caue-verzola","status":"publish","type":"post","link":"https:\/\/dev.midiasim.net.br\/saojosebasketball\/mr-moo-sao-jose-basketball-anuncia-retorno-do-armador-caue-verzola\/","title":{"rendered":"Mr.Moo S\u00e3o Jos\u00e9 Basketball anuncia retorno do armador Cau\u00ea Verzola"},"content":{"rendered":"\n<p class=\"wp-block-paragraph\">O Mr.Moo S\u00e3o Jos\u00e9 Basketball anunciou nesta sexta-feira (11) a contrata\u00e7\u00e3o do experiente armador Cau\u00ea Verzola para integrar o plantel da equipe na disputa da temporada 2025\/26.<\/p>\n\n\n\n<p class=\"wp-block-paragraph\">O jogador de 37 anos retorna ao clube joseense nove anos ap\u00f3s sua primeira passagem, que ficou marcada pelo t\u00edtulo Paulista no ano de 2015, sendo uma das principais pe\u00e7as do elenco.<\/p>\n\n\n\n<p class=\"wp-block-paragraph\">Na \u00faltima temporada, Cau\u00ea atuou pelo Pato Basquete e se destacou por o terceiro maior aproveitamento do NBB em arremessos do per\u00edmetro no ranking divulgado pela Liga que considera um m\u00ednimo de tr\u00eas tentativas por partida, com 40.9% de aproveitamento.<\/p>\n\n\n\n<p class=\"wp-block-paragraph\">Conhecido por ser um grande organizador das a\u00e7\u00f5es ofensivas, o armador terminou a competi\u00e7\u00e3o com m\u00e9dias de 7.5 pontos, 5.6 rebotes e 4.3 assist\u00eancias, ficando entre os 26 jogadores mais eficientes da competi\u00e7\u00e3o com m\u00e9dia 13.7 de efici\u00eancia por jogo.<\/p>\n\n\n\n<p class=\"wp-block-paragraph\">\u201c\u00c9 a realiza\u00e7\u00e3o de um sonho voltar para S\u00e3o Jos\u00e9. \u00c9 um outro momento da minha vida, minha fam\u00edlia \u00e9 testemunha da minha vontade de voltar. A primeira passagem foi muito especial com o t\u00edtulo paulista, mas no NBB ficou um gostinho de que poder\u00edamos ter feito mais e esse \u00e9 o grande desafio: repetir os sucessos e fazer melhor onde deixamos escapar naquele ano. S\u00e3o Jos\u00e9 \u00e9 uma cidade incr\u00edvel e realmente estou muito feliz em poder estar novamente aqui\u201d, afirmou o atleta em sua chegada.<\/p>\n\n\n\n<p class=\"wp-block-paragraph\">Cau\u00ea enfatizou ainda que o clube mira posi\u00e7\u00f5es melhores em rela\u00e7\u00e3o \u00e0 \u00faltima temporada. \u201cMeus objetivos pessoais se colocam de encontro com os objetivos da equipe, que \u00e9 sempre buscar voos mais altos. Sabemos que os campeonatos est\u00e3o mais equilibrados a cada ano, mas o nosso trabalho vai nos colocar no caminho para termos grandes resultados\u201d, destacou.<\/p>\n\n\n\n<h2 class=\"wp-block-heading\"><strong>Elenco<\/strong><\/h2>\n\n\n\n<p class=\"wp-block-paragraph\">Cau\u00ea Verzola \u00e9 o segundo nome anunciado pelo Mr.Moo S\u00e3o Jos\u00e9 Basketball como parte de seu elenco. Anteriormente, o clube oficializou a renova\u00e7\u00e3o do ala\/armador Adyel Borges. O treinador R\u00e9gis Marrelli e toda a comiss\u00e3o t\u00e9cnica permanecem.<\/p>\n\n\n\n<p class=\"wp-block-paragraph\">O primeiro compromisso do time joseense na temporada ser\u00e1 o Campeonato Paulista, com in\u00edcio previsto para o dia 2 de agosto, um s\u00e1bado, \u00e0s 18h, em casa, contra o SL Mandic Limeira.<\/p>\n\n\n\n<p class=\"wp-block-paragraph\">A Equipe do Mr.Moo S\u00e3o Jos\u00e9 Basketball conta com o patroc\u00ednio do Mr.Moo, Milclean, \u00c1rbore Engenharia, Vinac Cons\u00f3rcios, Raposo Engenharia, Valebeton, Oscar Cal\u00e7ados, DM e Shopping Jardim Oriente. Apoio da Tomovale, Cl\u00ednica Cotrel, RT Sports, \u00c1gua Monteiro Lobato, Padaria Kennedy, Com-Sci\u00eancia Sa\u00fade, Emercor, doTERRA e Academia Vale Fight Club. Gest\u00e3o do S\u00e3o Jos\u00e9 Desportivo. O projeto \u00e9 uma realiza\u00e7\u00e3o da Prefeitura de S\u00e3o Jos\u00e9 dos Campos.<\/p>\n\n\n\n<h2 class=\"wp-block-heading\"><strong>Servi\u00e7o:<\/strong><\/h2>\n\n\n\n<p class=\"wp-block-paragraph\">Mr.Moo S\u00e3o Jos\u00e9 Basketball anuncia retorno do armador Cau\u00ea Verzola<\/p>\n\n\n\n<p class=\"wp-block-paragraph\"><strong>Elenco:<\/strong><\/p>\n\n\n\n<p class=\"wp-block-paragraph\">Armador: Cau\u00ea Verzola<\/p>\n\n\n\n<p class=\"wp-block-paragraph\">Ala\/armador: Adyel Borges<\/p>\n\n\n\n<p class=\"wp-block-paragraph\"><strong>Comiss\u00e3o t\u00e9cnica:<\/strong><\/p>\n\n\n\n<p class=\"wp-block-paragraph\">Luis In\u00e1cio Messias \u2013 Diretor Geral<\/p>\n\n\n\n<p class=\"wp-block-paragraph\">Andr\u00e9 Stefanelli (Ded\u00e9) \u2013 Supervisor T\u00e9cnico<\/p>\n\n\n\n<p class=\"wp-block-paragraph\">R\u00e9gis Marrelli \u2013 T\u00e9cnico<\/p>\n\n\n\n<p class=\"wp-block-paragraph\">Cristiano Ahmed \u2013 Assistente T\u00e9cnico<\/p>\n\n\n\n<p class=\"wp-block-paragraph\">Paulo Nery &#8211; Preparador F\u00edsico<\/p>\n\n\n\n<p class=\"wp-block-paragraph\">Matheus Guirro &#8211; Assistente de V\u00eddeo<\/p>\n\n\n\n<p class=\"wp-block-paragraph\">Pedro Morais &#8211; Estat\u00edstico<\/p>\n\n\n\n<p class=\"wp-block-paragraph\">Dr. Diego Braga &#8211; M\u00e9dico<\/p>\n\n\n\n<p class=\"wp-block-paragraph\">Igor de Lima &#8211; Fisioterapeuta<\/p>\n\n\n\n<p class=\"wp-block-paragraph\">Fernando dos Santos&nbsp;&#8211; Atendente<\/p>\n\n\n\n<p class=\"wp-block-paragraph\">Geraldo Sampaio \u2013 Atendente<\/p>\n\n\n\n<p class=\"wp-block-paragraph\"><strong>Patroc\u00ednio:<\/strong> Mr.Moo | Milclean | \u00c1rbore Engenharia | Vinac Cons\u00f3rcios | Raposo Engenharia | Valebeton | Oscar Cal\u00e7ados | DM | Shopping Jardim Oriente<\/p>\n\n\n\n<p class=\"wp-block-paragraph\"><strong>Parceria:<\/strong> Tomovale | Cl\u00ednica Cotrel | Emercor | RT Sports | Padaria Kennedy | Com-Sci\u00eancia Sa\u00fade | Academia Vale Fight Club | doTERRA<\/p>\n\n\n\n<p class=\"wp-block-paragraph\"><strong>Gest\u00e3o:<\/strong> S\u00e3o Jos\u00e9 Desportivo<\/p>\n\n\n\n<p class=\"wp-block-paragraph\"><strong>Realiza\u00e7\u00e3o:<\/strong> Prefeitura Municipal de S\u00e3o Jos\u00e9 dos Campos<\/p>\n\n\n\n<p class=\"wp-block-paragraph\"><strong>Assessoria de Imprensa e Comunica\u00e7\u00e3o \u2013 Ag\u00eancia NTZ<\/strong><\/p>\n","protected":false},"excerpt":{"rendered":"<p>O Mr.Moo S\u00e3o Jos\u00e9 Basketball anunciou nesta sexta-feira (11) a contrata\u00e7\u00e3o do experiente armador Cau\u00ea Verzola para integrar o plantel da equipe na disputa da temporada 2025\/26. O jogador de 37 anos retorna ao clube joseense nove anos ap\u00f3s sua primeira passagem, que ficou marcada pelo t\u00edtulo Paulista no ano de 2015, sendo uma das [&hellip;]<\/p>\n","protected":false},"author":3,"featured_media":5978,"comment_status":"open","ping_status":"open","sticky":false,"template":"","format":"standard","meta":{"footnotes":""},"categories":[28],"tags":[],"class_list":["post-6032","post","type-post","status-publish","format-standard","has-post-thumbnail","hentry","category-noticias"],"_links":{"self":[{"href":"https:\/\/dev.midiasim.net.br\/saojosebasketball\/wp-json\/wp\/v2\/posts\/6032","targetHints":{"allow":["GET"]}}],"collection":[{"href":"https:\/\/dev.midiasim.net.br\/saojosebasketball\/wp-json\/wp\/v2\/posts"}],"about":[{"href":"https:\/\/dev.midiasim.net.br\/saojosebasketball\/wp-json\/wp\/v2\/types\/post"}],"author":[{"embeddable":true,"href":"https:\/\/dev.midiasim.net.br\/saojosebasketball\/wp-json\/wp\/v2\/users\/3"}],"replies":[{"embeddable":true,"href":"https:\/\/dev.midiasim.net.br\/saojosebasketball\/wp-json\/wp\/v2\/comments?post=6032"}],"version-history":[{"count":0,"href":"https:\/\/dev.midiasim.net.br\/saojosebasketball\/wp-json\/wp\/v2\/posts\/6032\/revisions"}],"wp:featuredmedia":[{"embeddable":true,"href":"https:\/\/dev.midiasim.net.br\/saojosebasketball\/wp-json\/wp\/v2\/media\/5978"}],"wp:attachment":[{"href":"https:\/\/dev.midiasim.net.br\/saojosebasketball\/wp-json\/wp\/v2\/media?parent=6032"}],"wp:term":[{"taxonomy":"category","embeddable":true,"href":"https:\/\/dev.midiasim.net.br\/saojosebasketball\/wp-json\/wp\/v2\/categories?post=6032"},{"taxonomy":"post_tag","embeddable":true,"href":"https:\/\/dev.midiasim.net.br\/saojosebasketball\/wp-json\/wp\/v2\/tags?post=6032"}],"curies":[{"name":"wp","href":"https:\/\/api.w.org\/{rel}","templated":true}]}}