{"id":6034,"date":"2025-07-14T17:51:00","date_gmt":"2025-07-14T17:51:00","guid":{"rendered":"https:\/\/dev.midiasim.net.br\/saojosebasketball\/?p=6034"},"modified":"2025-11-10T19:09:18","modified_gmt":"2025-11-10T19:09:18","slug":"mr-moo-sao-jose-basketball-anuncia-contratacao-do-armador-guilherme-lessa","status":"publish","type":"post","link":"https:\/\/dev.midiasim.net.br\/saojosebasketball\/mr-moo-sao-jose-basketball-anuncia-contratacao-do-armador-guilherme-lessa\/","title":{"rendered":"Mr.Moo S\u00e3o Jos\u00e9 Basketball anuncia contrata\u00e7\u00e3o do armador Guilherme Lessa"},"content":{"rendered":"\n<p class=\"wp-block-paragraph\">O Mr.Moo S\u00e3o Jos\u00e9 Basketball anunciou nesta segunda-feira (14) a contrata\u00e7\u00e3o do armador Guilherme Lessa para integrar o plantel da equipe na disputa da temporada 2025\/26.<\/p>\n\n\n\n<p class=\"wp-block-paragraph\">O jogador de 30 anos estava no Mogi, clube pelo qual jogou em nove dos \u00faltimos dez anos, e atuava como capit\u00e3o da equipe. Na \u00faltima temporada, Lessa teve os melhores n\u00fameros ofensivos da carreira, com m\u00e9dias de 10.9 pontos, 3.8 rebotes e 2.8 assist\u00eancias por partida.<\/p>\n\n\n\n<p class=\"wp-block-paragraph\">Al\u00e9m disso, o armador registrou o melhor percentual de acertos em bolas de tr\u00eas pontos na \u00faltima temporada do NBB, considerando os atletas com um m\u00ednimo de tr\u00eas tentativas por jogo, com m\u00e9dia de 41.8% de convers\u00e3o no per\u00edmetro.<\/p>\n\n\n\n<p class=\"wp-block-paragraph\">Lessa destacou sua liga\u00e7\u00e3o com o time mogiano, mas apontou o motivo de atuar pela equipe joseense nesse ano. \u201cEm Mogi eu vivi muita coisa e vou sempre guardar isso no cora\u00e7\u00e3o, mas estava na hora de buscar novos desafios e o projeto de S\u00e3o Jos\u00e9 me chamou muita aten\u00e7\u00e3o. Sempre tive vontade de jogar com o R\u00e9gis. O clube tem uma \u00f3tima estrutura, tem um planejamento muito bom e conta com um forte apoio da torcida, sem contar que a cidade tamb\u00e9m \u00e9 muito organizada. Estou muito animado para viver essa nova fase aqui\u201d, disse.<\/p>\n\n\n\n<p class=\"wp-block-paragraph\">O armador reiterou ainda os seus objetivos na temporada. \u201cMeus objetivos pessoais s\u00e3o continuar evoluindo como atleta e como pessoa. Quero ajudar o time da melhor forma poss\u00edvel, ser um l\u00edder dentro e fora de quadra, e fazer uma temporada bem consistente. Vamos lutar para colocar S\u00e3o Jos\u00e9 l\u00e1 em cima para brigar por t\u00edtulos, fazer hist\u00f3ria com esse grupo e dar os melhores espet\u00e1culos para a nossa torcida\u201d, afirmou Lessa.<\/p>\n\n\n\n<h2 class=\"wp-block-heading\"><strong>Elenco<\/strong><\/h2>\n\n\n\n<p class=\"wp-block-paragraph\">Guilherme Lessa \u00e9 o terceiro nome anunciado pelo Mr.Moo S\u00e3o Jos\u00e9 Basketball como parte de seu elenco. Anteriormente, o clube oficializou a chegada do armador Cau\u00ea Verzola e a renova\u00e7\u00e3o do ala\/armador Adyel Borges. O treinador R\u00e9gis Marrelli e toda a comiss\u00e3o t\u00e9cnica permanecem.<\/p>\n\n\n\n<p class=\"wp-block-paragraph\">O primeiro compromisso do time joseense na temporada ser\u00e1 o Campeonato Paulista, com in\u00edcio previsto para o dia 2 de agosto, um s\u00e1bado, \u00e0s 18h, em casa, contra o SL Mandic Limeira.<\/p>\n\n\n\n<p class=\"wp-block-paragraph\">A Equipe do Mr.Moo S\u00e3o Jos\u00e9 Basketball conta com o patroc\u00ednio do Mr.Moo, Milclean, \u00c1rbore Engenharia, Vinac Cons\u00f3rcios, Raposo Engenharia, Valebeton, Oscar Cal\u00e7ados, DM e Shopping Jardim Oriente. Apoio da Tomovale, Cl\u00ednica Cotrel, RT Sports, \u00c1gua Monteiro Lobato, Padaria Kennedy, Com-Sci\u00eancia Sa\u00fade, Emercor, doTERRA e Academia Vale Fight Club. Gest\u00e3o do S\u00e3o Jos\u00e9 Desportivo. O projeto \u00e9 uma realiza\u00e7\u00e3o da Prefeitura de S\u00e3o Jos\u00e9 dos Campos.<\/p>\n\n\n\n<h2 class=\"wp-block-heading\"><strong>Servi\u00e7o:<\/strong><\/h2>\n\n\n\n<p class=\"wp-block-paragraph\">Mr.Moo S\u00e3o Jos\u00e9 Basketball anuncia contrata\u00e7\u00e3o do armador Guilherme Lessa<\/p>\n\n\n\n<p class=\"wp-block-paragraph\"><strong>Elenco:<\/strong><\/p>\n\n\n\n<p class=\"wp-block-paragraph\">Armadores: Cau\u00ea Verzola e Guilherme Lessa<\/p>\n\n\n\n<p class=\"wp-block-paragraph\">Ala\/armador: Adyel Borges<\/p>\n\n\n\n<p class=\"wp-block-paragraph\"><strong>Comiss\u00e3o t\u00e9cnica:<\/strong><\/p>\n\n\n\n<p class=\"wp-block-paragraph\">Luis In\u00e1cio Messias \u2013 Diretor Geral<\/p>\n\n\n\n<p class=\"wp-block-paragraph\">Andr\u00e9 Stefanelli (Ded\u00e9) \u2013 Supervisor T\u00e9cnico<\/p>\n\n\n\n<p class=\"wp-block-paragraph\">R\u00e9gis Marrelli \u2013 T\u00e9cnico<\/p>\n\n\n\n<p class=\"wp-block-paragraph\">Cristiano Ahmed \u2013 Assistente T\u00e9cnico<\/p>\n\n\n\n<p class=\"wp-block-paragraph\">Paulo Nery &#8211; Preparador F\u00edsico<\/p>\n\n\n\n<p class=\"wp-block-paragraph\">Matheus Guirro &#8211; Assistente de V\u00eddeo<\/p>\n\n\n\n<p class=\"wp-block-paragraph\">Pedro Morais &#8211; Estat\u00edstico<\/p>\n\n\n\n<p class=\"wp-block-paragraph\">Dr. Diego Braga &#8211; M\u00e9dico<\/p>\n\n\n\n<p class=\"wp-block-paragraph\">Igor de Lima &#8211; Fisioterapeuta<\/p>\n\n\n\n<p class=\"wp-block-paragraph\">Fernando dos Santos&nbsp;&#8211; Atendente<\/p>\n\n\n\n<p class=\"wp-block-paragraph\">Geraldo Sampaio \u2013 Atendente<\/p>\n\n\n\n<p class=\"wp-block-paragraph\"><strong>Patroc\u00ednio:<\/strong> Mr.Moo | Milclean | \u00c1rbore Engenharia | Vinac Cons\u00f3rcios | Raposo Engenharia | Valebeton | Oscar Cal\u00e7ados | DM | Shopping Jardim Oriente<\/p>\n\n\n\n<p class=\"wp-block-paragraph\"><strong>Parceria:<\/strong> Tomovale | Cl\u00ednica Cotrel | Emercor | RT Sports | Padaria Kennedy | Com-Sci\u00eancia Sa\u00fade | Academia Vale Fight Club | doTERRA<\/p>\n\n\n\n<p class=\"wp-block-paragraph\"><strong>Gest\u00e3o:<\/strong> S\u00e3o Jos\u00e9 Desportivo<\/p>\n\n\n\n<p class=\"wp-block-paragraph\"><strong>Realiza\u00e7\u00e3o:<\/strong> Prefeitura Municipal de S\u00e3o Jos\u00e9 dos Campos<\/p>\n\n\n\n<p class=\"wp-block-paragraph\"><strong>Assessoria de Imprensa e Comunica\u00e7\u00e3o \u2013 Ag\u00eancia NTZ<\/strong><\/p>\n","protected":false},"excerpt":{"rendered":"<p>O Mr.Moo S\u00e3o Jos\u00e9 Basketball anunciou nesta segunda-feira (14) a contrata\u00e7\u00e3o do armador Guilherme Lessa para integrar o plantel da equipe na disputa da temporada 2025\/26. O jogador de 30 anos estava no Mogi, clube pelo qual jogou em nove dos \u00faltimos dez anos, e atuava como capit\u00e3o da equipe. Na \u00faltima temporada, Lessa teve [&hellip;]<\/p>\n","protected":false},"author":3,"featured_media":5982,"comment_status":"open","ping_status":"open","sticky":false,"template":"","format":"standard","meta":{"footnotes":""},"categories":[28],"tags":[],"class_list":["post-6034","post","type-post","status-publish","format-standard","has-post-thumbnail","hentry","category-noticias"],"_links":{"self":[{"href":"https:\/\/dev.midiasim.net.br\/saojosebasketball\/wp-json\/wp\/v2\/posts\/6034","targetHints":{"allow":["GET"]}}],"collection":[{"href":"https:\/\/dev.midiasim.net.br\/saojosebasketball\/wp-json\/wp\/v2\/posts"}],"about":[{"href":"https:\/\/dev.midiasim.net.br\/saojosebasketball\/wp-json\/wp\/v2\/types\/post"}],"author":[{"embeddable":true,"href":"https:\/\/dev.midiasim.net.br\/saojosebasketball\/wp-json\/wp\/v2\/users\/3"}],"replies":[{"embeddable":true,"href":"https:\/\/dev.midiasim.net.br\/saojosebasketball\/wp-json\/wp\/v2\/comments?post=6034"}],"version-history":[{"count":0,"href":"https:\/\/dev.midiasim.net.br\/saojosebasketball\/wp-json\/wp\/v2\/posts\/6034\/revisions"}],"wp:featuredmedia":[{"embeddable":true,"href":"https:\/\/dev.midiasim.net.br\/saojosebasketball\/wp-json\/wp\/v2\/media\/5982"}],"wp:attachment":[{"href":"https:\/\/dev.midiasim.net.br\/saojosebasketball\/wp-json\/wp\/v2\/media?parent=6034"}],"wp:term":[{"taxonomy":"category","embeddable":true,"href":"https:\/\/dev.midiasim.net.br\/saojosebasketball\/wp-json\/wp\/v2\/categories?post=6034"},{"taxonomy":"post_tag","embeddable":true,"href":"https:\/\/dev.midiasim.net.br\/saojosebasketball\/wp-json\/wp\/v2\/tags?post=6034"}],"curies":[{"name":"wp","href":"https:\/\/api.w.org\/{rel}","templated":true}]}}