{"id":6036,"date":"2025-07-15T17:53:00","date_gmt":"2025-07-15T17:53:00","guid":{"rendered":"https:\/\/dev.midiasim.net.br\/saojosebasketball\/?p=6036"},"modified":"2025-11-10T19:13:36","modified_gmt":"2025-11-10T19:13:36","slug":"mr-moo-sao-jose-basketball-anuncia-chegada-do-ala-leo-cravero","status":"publish","type":"post","link":"https:\/\/dev.midiasim.net.br\/saojosebasketball\/mr-moo-sao-jose-basketball-anuncia-chegada-do-ala-leo-cravero\/","title":{"rendered":"Mr.Moo S\u00e3o Jos\u00e9 Basketball anuncia chegada do ala L\u00e9o Cravero"},"content":{"rendered":"\n<p class=\"wp-block-paragraph\">O Mr.Moo S\u00e3o Jos\u00e9 Basketball anunciou nesta ter\u00e7a-feira (15) a contrata\u00e7\u00e3o do jovem ala L\u00e9o Cravero para integrar o plantel da equipe na disputa da temporada 2025\/26.<\/p>\n\n\n\n<p class=\"wp-block-paragraph\">Com 23 anos e 2.01m de altura, o atleta \u00e9 considerado um dos alas mais promissores da nova gera\u00e7\u00e3o do basquete nacional, com participa\u00e7\u00f5es de grande destaque na Liga de Desenvolvimento. No adulto, L\u00e9o teve m\u00e9dias de 7.2 pontos e 4.2 rebotes em 21 minutos por jogo na \u00faltima edi\u00e7\u00e3o do NBB atuando pelo Caxias do Sul.<\/p>\n\n\n\n<p class=\"wp-block-paragraph\">O ala soma no curr\u00edculo uma participa\u00e7\u00e3o no Jogo das Estrelas do NBB pelo time das Jovens Estrelas e tamb\u00e9m como concorrente no Torneio de Enterradas do evento.<\/p>\n\n\n\n<p class=\"wp-block-paragraph\">\u201cO que mais me atrai em jogar por S\u00e3o Jos\u00e9 \u00e9 a seriedade e a estrutura do clube, que tem uma torcida muito apaixonada pelo basquete\u201d, disse em sua chegada ao clube.<\/p>\n\n\n\n<p class=\"wp-block-paragraph\">Ele destacou ainda o elenco formado pelo time joseense. \u201cPessoalmente, almejo evoluir ainda mais como jogador, dar o meu melhor em cada treino e em cada jogo, e ser uma pe\u00e7a importante para o grupo. Quero estar sempre pronto para ajudar da forma que for preciso. A nossa meta \u00e9 colocar o S\u00e3o Jos\u00e9 onde ele merece estar: brigando por t\u00edtulos. Sabemos que os campeonatos s\u00e3o dif\u00edceis, mas o nosso grupo \u00e9 forte e estamos vindo com muita vontade de fazer uma grande temporada\u201d, pontuou.<\/p>\n\n\n\n<h2 class=\"wp-block-heading\"><strong>Elenco<\/strong><\/h2>\n\n\n\n<p class=\"wp-block-paragraph\">L\u00e9o Cravero \u00e9 o quarto nome anunciado pelo Mr.Moo S\u00e3o Jos\u00e9 Basketball como parte de seu elenco. Anteriormente, o clube oficializou a chegada dos armadores Cau\u00ea Verzola e Guilherme Lessa, e a renova\u00e7\u00e3o do ala\/armador Adyel Borges. O treinador R\u00e9gis Marrelli e toda a comiss\u00e3o t\u00e9cnica permanecem.<\/p>\n\n\n\n<p class=\"wp-block-paragraph\">O primeiro compromisso do time joseense na temporada ser\u00e1 o Campeonato Paulista, com in\u00edcio previsto para o dia 2 de agosto, um s\u00e1bado, \u00e0s 18h, em casa, contra o SL Mandic Limeira.<\/p>\n\n\n\n<p class=\"wp-block-paragraph\">A Equipe do Mr.Moo S\u00e3o Jos\u00e9 Basketball conta com o patroc\u00ednio do Mr.Moo, Milclean, \u00c1rbore Engenharia, Vinac Cons\u00f3rcios, Raposo Engenharia, Valebeton, Oscar Cal\u00e7ados, DM e Shopping Jardim Oriente. Apoio da Tomovale, Cl\u00ednica Cotrel, RT Sports, \u00c1gua Monteiro Lobato, Padaria Kennedy, Com-Sci\u00eancia Sa\u00fade, Emercor, doTERRA e Academia Vale Fight Club. Gest\u00e3o do S\u00e3o Jos\u00e9 Desportivo. O projeto \u00e9 uma realiza\u00e7\u00e3o da Prefeitura de S\u00e3o Jos\u00e9 dos Campos.<\/p>\n\n\n\n<h2 class=\"wp-block-heading\"><strong>Servi\u00e7o:<\/strong><\/h2>\n\n\n\n<p class=\"wp-block-paragraph\">Mr.Moo S\u00e3o Jos\u00e9 Basketball anuncia chegada do ala L\u00e9o Cravero<\/p>\n\n\n\n<p class=\"wp-block-paragraph\"><strong>Elenco:<\/strong><\/p>\n\n\n\n<p class=\"wp-block-paragraph\">Armadores: Cau\u00ea Verzola e Guilherme Lessa<\/p>\n\n\n\n<p class=\"wp-block-paragraph\">Ala\/armador: Adyel Borges<\/p>\n\n\n\n<p class=\"wp-block-paragraph\">Ala: L\u00e9o Cravero<\/p>\n\n\n\n<p class=\"wp-block-paragraph\"><strong>Comiss\u00e3o t\u00e9cnica:<\/strong><\/p>\n\n\n\n<p class=\"wp-block-paragraph\">Luis In\u00e1cio Messias \u2013 Diretor Geral<\/p>\n\n\n\n<p class=\"wp-block-paragraph\">Andr\u00e9 Stefanelli (Ded\u00e9) \u2013 Supervisor T\u00e9cnico<\/p>\n\n\n\n<p class=\"wp-block-paragraph\">R\u00e9gis Marrelli \u2013 T\u00e9cnico<\/p>\n\n\n\n<p class=\"wp-block-paragraph\">Cristiano Ahmed \u2013 Assistente T\u00e9cnico<\/p>\n\n\n\n<p class=\"wp-block-paragraph\">Paulo Nery &#8211; Preparador F\u00edsico<\/p>\n\n\n\n<p class=\"wp-block-paragraph\">Matheus Guirro &#8211; Assistente de V\u00eddeo<\/p>\n\n\n\n<p class=\"wp-block-paragraph\">Pedro Morais &#8211; Estat\u00edstico<\/p>\n\n\n\n<p class=\"wp-block-paragraph\">Dr. Diego Braga &#8211; M\u00e9dico<\/p>\n\n\n\n<p class=\"wp-block-paragraph\">Igor de Lima &#8211; Fisioterapeuta<\/p>\n\n\n\n<p class=\"wp-block-paragraph\">Fernando dos Santos&nbsp;&#8211; Atendente<\/p>\n\n\n\n<p class=\"wp-block-paragraph\">Geraldo Sampaio \u2013 Atendente<\/p>\n\n\n\n<p class=\"wp-block-paragraph\"><strong>Patroc\u00ednio:<\/strong> Mr.Moo | Milclean | \u00c1rbore Engenharia | Vinac Cons\u00f3rcios | Raposo Engenharia | Valebeton | Oscar Cal\u00e7ados | DM | Shopping Jardim Oriente<\/p>\n\n\n\n<p class=\"wp-block-paragraph\"><strong>Parceria:<\/strong> Tomovale | Cl\u00ednica Cotrel | Emercor | RT Sports | Padaria Kennedy | Com-Sci\u00eancia Sa\u00fade | Academia Vale Fight Club | doTERRA<\/p>\n\n\n\n<p class=\"wp-block-paragraph\"><strong>Gest\u00e3o:<\/strong> S\u00e3o Jos\u00e9 Desportivo<\/p>\n\n\n\n<p class=\"wp-block-paragraph\"><strong>Realiza\u00e7\u00e3o:<\/strong> Prefeitura Municipal de S\u00e3o Jos\u00e9 dos Campos<\/p>\n\n\n\n<p class=\"wp-block-paragraph\"><strong>Assessoria de Imprensa e Comunica\u00e7\u00e3o \u2013 Ag\u00eancia NTZ<\/strong><\/p>\n","protected":false},"excerpt":{"rendered":"<p>O Mr.Moo S\u00e3o Jos\u00e9 Basketball anunciou nesta ter\u00e7a-feira (15) a contrata\u00e7\u00e3o do jovem ala L\u00e9o Cravero para integrar o plantel da equipe na disputa da temporada 2025\/26. Com 23 anos e 2.01m de altura, o atleta \u00e9 considerado um dos alas mais promissores da nova gera\u00e7\u00e3o do basquete nacional, com participa\u00e7\u00f5es de grande destaque na [&hellip;]<\/p>\n","protected":false},"author":3,"featured_media":5979,"comment_status":"open","ping_status":"open","sticky":false,"template":"","format":"standard","meta":{"footnotes":""},"categories":[28],"tags":[],"class_list":["post-6036","post","type-post","status-publish","format-standard","has-post-thumbnail","hentry","category-noticias"],"_links":{"self":[{"href":"https:\/\/dev.midiasim.net.br\/saojosebasketball\/wp-json\/wp\/v2\/posts\/6036","targetHints":{"allow":["GET"]}}],"collection":[{"href":"https:\/\/dev.midiasim.net.br\/saojosebasketball\/wp-json\/wp\/v2\/posts"}],"about":[{"href":"https:\/\/dev.midiasim.net.br\/saojosebasketball\/wp-json\/wp\/v2\/types\/post"}],"author":[{"embeddable":true,"href":"https:\/\/dev.midiasim.net.br\/saojosebasketball\/wp-json\/wp\/v2\/users\/3"}],"replies":[{"embeddable":true,"href":"https:\/\/dev.midiasim.net.br\/saojosebasketball\/wp-json\/wp\/v2\/comments?post=6036"}],"version-history":[{"count":0,"href":"https:\/\/dev.midiasim.net.br\/saojosebasketball\/wp-json\/wp\/v2\/posts\/6036\/revisions"}],"wp:featuredmedia":[{"embeddable":true,"href":"https:\/\/dev.midiasim.net.br\/saojosebasketball\/wp-json\/wp\/v2\/media\/5979"}],"wp:attachment":[{"href":"https:\/\/dev.midiasim.net.br\/saojosebasketball\/wp-json\/wp\/v2\/media?parent=6036"}],"wp:term":[{"taxonomy":"category","embeddable":true,"href":"https:\/\/dev.midiasim.net.br\/saojosebasketball\/wp-json\/wp\/v2\/categories?post=6036"},{"taxonomy":"post_tag","embeddable":true,"href":"https:\/\/dev.midiasim.net.br\/saojosebasketball\/wp-json\/wp\/v2\/tags?post=6036"}],"curies":[{"name":"wp","href":"https:\/\/api.w.org\/{rel}","templated":true}]}}