{"id":6040,"date":"2025-07-17T17:42:00","date_gmt":"2025-07-17T17:42:00","guid":{"rendered":"https:\/\/dev.midiasim.net.br\/saojosebasketball\/?p=6040"},"modified":"2025-11-10T19:18:08","modified_gmt":"2025-11-10T19:18:08","slug":"mr-moo-sao-jose-basketball-anuncia-contratacao-do-pivo-maique-tavares","status":"publish","type":"post","link":"https:\/\/dev.midiasim.net.br\/saojosebasketball\/mr-moo-sao-jose-basketball-anuncia-contratacao-do-pivo-maique-tavares\/","title":{"rendered":"Mr.Moo S\u00e3o Jos\u00e9 Basketball anuncia contrata\u00e7\u00e3o do piv\u00f4 Maique Tavares"},"content":{"rendered":"\n<p class=\"wp-block-paragraph\">O Mr.Moo S\u00e3o Jos\u00e9 Basketball anunciou nesta quinta-feira (17) a contrata\u00e7\u00e3o do piv\u00f4 Maique Tavares para integrar o plantel da equipe na disputa da temporada 2025\/26.<\/p>\n\n\n\n<p class=\"wp-block-paragraph\">O jogador de 32 anos e 2.11m de altura tem passagens de destaque por v\u00e1rios clubes do pa\u00eds, como Paulistano, Minas, Corinthians e Flamengo, conquistando duas vezes o t\u00edtulo da Copa Super Oito, um vice-campeonato do NBB e um vice-campeonato da Champions League Americas.<\/p>\n\n\n\n<p class=\"wp-block-paragraph\">Na temporada passada, Maique atuou pelo Bigu\u00e1, do Uruguai, onde teve m\u00e9dias de 7.8 pontos e 4.3 rebotes em 17 minutos por jogo na Champions League Americas, principal competi\u00e7\u00e3o do continente. Posteriormente, o jogador ainda teve uma curta passagem pelo Obras Sanit\u00e1rias, da Argentina.<\/p>\n\n\n\n<p class=\"wp-block-paragraph\">\u201cGosto muito da ideia de trabalhar com o R\u00e9gis, j\u00e1 trabalhei com ele por tr\u00eas anos, \u00e9 um treinador que me conhece bastante e com quem fiz algumas das minhas melhores temporadas. Quero ajudar o S\u00e3o Jos\u00e9 a estar l\u00e1 em cima. \u00c9 um clube grande, com muita hist\u00f3ria no basquete nacional, um time de camisa com uma torcida apaixonada, tudo isso atrai muito e pesou muito para querer vir jogar aqui\u201d, afirmou Maique.<\/p>\n\n\n\n<p class=\"wp-block-paragraph\">O piv\u00f4 destacou que o clube joseense tem um hist\u00f3rico de grandes piv\u00f4s e afirmou que espera conseguir corresponder \u00e0s expectativas. Al\u00e9m disso, ele ainda pontuou que v\u00ea potencial para o time competir entre os primeiros nas competi\u00e7\u00f5es da temporada.<\/p>\n\n\n\n<p class=\"wp-block-paragraph\">\u201cPassei um tempo no exterior, ent\u00e3o agora quero voltar para o cen\u00e1rio nacional e jogar bem. S\u00e3o Jos\u00e9 tem grandes piv\u00f4s na sua hist\u00f3ria, especialmente Murilo Becker e Jefferson William, espero conseguir fazer uma temporada igual ao n\u00edvel que eles tiveram aqui. Esse time foi muito bem montado, acredito que podemos surpreender bastante e temos que trabalhar muito agora. Se trabalharmos bem e estivermos unidos, podemos colocar o S\u00e3o Jos\u00e9 l\u00e1 no topo\u201d, disse.<\/p>\n\n\n\n<h2 class=\"wp-block-heading\"><strong>Elenco<\/strong><\/h2>\n\n\n\n<p class=\"wp-block-paragraph\">Maique \u00e9 o sexto nome anunciado pelo Mr.Moo S\u00e3o Jos\u00e9 Basketball como parte de seu elenco. Anteriormente, o clube oficializou a chegada dos armadores Cau\u00ea Verzola e Guilherme Lessa, do ala L\u00e9o Cravero, do piv\u00f4 Anderson Rodrigues e a renova\u00e7\u00e3o do ala\/armador Adyel Borges. O treinador R\u00e9gis Marrelli e toda a comiss\u00e3o t\u00e9cnica permanecem.<\/p>\n\n\n\n<p class=\"wp-block-paragraph\">O primeiro compromisso do time joseense na temporada ser\u00e1 o Campeonato Paulista, com in\u00edcio previsto para o dia 2 de agosto, um s\u00e1bado, \u00e0s 18h, em casa, contra o SL Mandic Limeira.<\/p>\n\n\n\n<p class=\"wp-block-paragraph\">A Equipe do Mr.Moo S\u00e3o Jos\u00e9 Basketball conta com o patroc\u00ednio do Mr.Moo, Milclean, \u00c1rbore Engenharia, Vinac Cons\u00f3rcios, Raposo Engenharia, Valebeton, Oscar Cal\u00e7ados e DM. Apoio da Tomovale, Cl\u00ednica Cotrel, RT Sports, \u00c1gua Monteiro Lobato, Padaria Kennedy, Com-Sci\u00eancia Sa\u00fade, Emercor, doTERRA e Academia Vale Fight Club. Gest\u00e3o do S\u00e3o Jos\u00e9 Desportivo. O projeto \u00e9 uma realiza\u00e7\u00e3o da Prefeitura de S\u00e3o Jos\u00e9 dos Campos.<\/p>\n\n\n\n<h2 class=\"wp-block-heading\"><strong>Servi\u00e7o:<\/strong><\/h2>\n\n\n\n<p class=\"wp-block-paragraph\">Mr.Moo S\u00e3o Jos\u00e9 Basketball anuncia contrata\u00e7\u00e3o do piv\u00f4 Maique Tavares<\/p>\n\n\n\n<p class=\"wp-block-paragraph\"><strong>Elenco:<\/strong><\/p>\n\n\n\n<p class=\"wp-block-paragraph\">Armadores: Cau\u00ea Verzola e Guilherme Lessa<\/p>\n\n\n\n<p class=\"wp-block-paragraph\">Ala\/armador: Adyel Borges<\/p>\n\n\n\n<p class=\"wp-block-paragraph\">Ala: L\u00e9o Cravero<\/p>\n\n\n\n<p class=\"wp-block-paragraph\">Piv\u00f4s: Anderson Rodrigues e Maique Tavares<\/p>\n\n\n\n<p class=\"wp-block-paragraph\"><strong>Comiss\u00e3o t\u00e9cnica:<\/strong><\/p>\n\n\n\n<p class=\"wp-block-paragraph\">Luis In\u00e1cio Messias \u2013 Diretor Geral<\/p>\n\n\n\n<p class=\"wp-block-paragraph\">Andr\u00e9 Stefanelli (Ded\u00e9) \u2013 Supervisor T\u00e9cnico<\/p>\n\n\n\n<p class=\"wp-block-paragraph\">R\u00e9gis Marrelli \u2013 T\u00e9cnico<\/p>\n\n\n\n<p class=\"wp-block-paragraph\">Cristiano Ahmed \u2013 Assistente T\u00e9cnico<\/p>\n\n\n\n<p class=\"wp-block-paragraph\">Paulo Nery &#8211; Preparador F\u00edsico<\/p>\n\n\n\n<p class=\"wp-block-paragraph\">Matheus Guirro &#8211; Assistente de V\u00eddeo<\/p>\n\n\n\n<p class=\"wp-block-paragraph\">Pedro Morais &#8211; Estat\u00edstico<\/p>\n\n\n\n<p class=\"wp-block-paragraph\">Dr. Diego Braga &#8211; M\u00e9dico<\/p>\n\n\n\n<p class=\"wp-block-paragraph\">Igor de Lima &#8211; Fisioterapeuta<\/p>\n\n\n\n<p class=\"wp-block-paragraph\">Fernando dos Santos&nbsp;&#8211; Atendente<\/p>\n\n\n\n<p class=\"wp-block-paragraph\">Geraldo Sampaio \u2013 Atendente<\/p>\n\n\n\n<p class=\"wp-block-paragraph\"><strong>Patroc\u00ednio:<\/strong> Mr.Moo | Milclean | \u00c1rbore Engenharia | Vinac Cons\u00f3rcios | Raposo Engenharia | Valebeton | Oscar Cal\u00e7ados | DM<\/p>\n\n\n\n<p class=\"wp-block-paragraph\"><strong>Parceria:<\/strong> Tomovale | Cl\u00ednica Cotrel | Emercor | RT Sports | Padaria Kennedy | Com-Sci\u00eancia Sa\u00fade | doTERRA<\/p>\n\n\n\n<p class=\"wp-block-paragraph\"><strong>Gest\u00e3o:<\/strong> S\u00e3o Jos\u00e9 Desportivo<\/p>\n\n\n\n<p class=\"wp-block-paragraph\"><strong>Realiza\u00e7\u00e3o:<\/strong> Prefeitura Municipal de S\u00e3o Jos\u00e9 dos Campos<\/p>\n\n\n\n<p class=\"wp-block-paragraph\"><strong>Assessoria de Imprensa e Comunica\u00e7\u00e3o \u2013 Ag\u00eancia NTZ<\/strong><\/p>\n","protected":false},"excerpt":{"rendered":"<p>O Mr.Moo S\u00e3o Jos\u00e9 Basketball anunciou nesta quinta-feira (17) a contrata\u00e7\u00e3o do piv\u00f4 Maique Tavares para integrar o plantel da equipe na disputa da temporada 2025\/26. O jogador de 32 anos e 2.11m de altura tem passagens de destaque por v\u00e1rios clubes do pa\u00eds, como Paulistano, Minas, Corinthians e Flamengo, conquistando duas vezes o t\u00edtulo [&hellip;]<\/p>\n","protected":false},"author":3,"featured_media":5981,"comment_status":"open","ping_status":"open","sticky":false,"template":"","format":"standard","meta":{"footnotes":""},"categories":[28],"tags":[],"class_list":["post-6040","post","type-post","status-publish","format-standard","has-post-thumbnail","hentry","category-noticias"],"_links":{"self":[{"href":"https:\/\/dev.midiasim.net.br\/saojosebasketball\/wp-json\/wp\/v2\/posts\/6040","targetHints":{"allow":["GET"]}}],"collection":[{"href":"https:\/\/dev.midiasim.net.br\/saojosebasketball\/wp-json\/wp\/v2\/posts"}],"about":[{"href":"https:\/\/dev.midiasim.net.br\/saojosebasketball\/wp-json\/wp\/v2\/types\/post"}],"author":[{"embeddable":true,"href":"https:\/\/dev.midiasim.net.br\/saojosebasketball\/wp-json\/wp\/v2\/users\/3"}],"replies":[{"embeddable":true,"href":"https:\/\/dev.midiasim.net.br\/saojosebasketball\/wp-json\/wp\/v2\/comments?post=6040"}],"version-history":[{"count":0,"href":"https:\/\/dev.midiasim.net.br\/saojosebasketball\/wp-json\/wp\/v2\/posts\/6040\/revisions"}],"wp:featuredmedia":[{"embeddable":true,"href":"https:\/\/dev.midiasim.net.br\/saojosebasketball\/wp-json\/wp\/v2\/media\/5981"}],"wp:attachment":[{"href":"https:\/\/dev.midiasim.net.br\/saojosebasketball\/wp-json\/wp\/v2\/media?parent=6040"}],"wp:term":[{"taxonomy":"category","embeddable":true,"href":"https:\/\/dev.midiasim.net.br\/saojosebasketball\/wp-json\/wp\/v2\/categories?post=6040"},{"taxonomy":"post_tag","embeddable":true,"href":"https:\/\/dev.midiasim.net.br\/saojosebasketball\/wp-json\/wp\/v2\/tags?post=6040"}],"curies":[{"name":"wp","href":"https:\/\/api.w.org\/{rel}","templated":true}]}}