{"id":6042,"date":"2025-07-19T12:08:00","date_gmt":"2025-07-19T12:08:00","guid":{"rendered":"https:\/\/dev.midiasim.net.br\/saojosebasketball\/?p=6042"},"modified":"2025-11-10T19:20:35","modified_gmt":"2025-11-10T19:20:35","slug":"mr-moo-sao-jose-basketball-fecha-contratacao-do-ala-malcolm-miller","status":"publish","type":"post","link":"https:\/\/dev.midiasim.net.br\/saojosebasketball\/mr-moo-sao-jose-basketball-fecha-contratacao-do-ala-malcolm-miller\/","title":{"rendered":"Mr.Moo S\u00e3o Jos\u00e9 Basketball fecha contrata\u00e7\u00e3o do ala Malcolm Miller"},"content":{"rendered":"\n<p class=\"wp-block-paragraph\">O Mr.Moo S\u00e3o Jos\u00e9 Basketball anunciou neste s\u00e1bado (19) a contrata\u00e7\u00e3o do experiente ala norte-americano Malcolm Miller para integrar o plantel da equipe na disputa da temporada 2025\/26.<\/p>\n\n\n\n<p class=\"wp-block-paragraph\">O jogador de 33 anos e 2.01m de altura \u00e9 natural do Texas-EUA, mas atua no basquete brasileiro h\u00e1 seis temporadas, com passagens por Unifacisa, Corinthians e S\u00e3o Paulo, se destacando pelo alto aproveitamento nos arremessos de quadra, especialmente no per\u00edmetro, chegando a participar de duas edi\u00e7\u00f5es do Jogo das Estrelas do NBB.<\/p>\n\n\n\n<p class=\"wp-block-paragraph\">Na \u00faltima temporada, Malcolm Miller teve m\u00e9dias de 9.5 pontos e 3.6 rebotes em 27 minutos por jogo no time tricolor da capital paulista. Ainda pelo S\u00e3o Paulo, o ala foi vice-campe\u00e3o do NBB e do Campeonato Paulista.<\/p>\n\n\n\n<p class=\"wp-block-paragraph\">\u201cO que me atrai para jogar em S\u00e3o Jos\u00e9 \u00e9 a atmosfera incr\u00edvel do gin\u00e1sio, que sempre presenciei nos jogos quando enfrentei a equipe.&nbsp; Os torcedores realmente amam o time e vibram muito em todos os jogos, e isso \u00e9 algo muito positivo\u201d, disse o jogador em sua chegada \u00e0 equipe joseense.<\/p>\n\n\n\n<p class=\"wp-block-paragraph\">O ala destacou ainda espera contribuir com a equipe nos dois lados da quadra e mira alto na disputa pelas competi\u00e7\u00f5es da temporada.<\/p>\n\n\n\n<p class=\"wp-block-paragraph\">\u201c\u00c9 uma temporada que eu realmente quero trabalhar duro todos os dias e ter a certeza de que eu e meus companheiros teremos condi\u00e7\u00f5es de competir no mais alto n\u00edvel em cada jogo e em cada treino, porque assim poderemos ser protagonistas na liga. Eu quero ter certeza de que vamos avan\u00e7ar aos playoffs em uma boa posi\u00e7\u00e3o para superarmos nossos advers\u00e1rios e chegarmos \u00e0 final. Sei que posso ser um bom pontuador para o time no ataque, mas tamb\u00e9m quero contribuir bastante com minha defesa e ajudar a equipe no que for preciso\u201d, afirmou.<\/p>\n\n\n\n<h2 class=\"wp-block-heading\"><strong>Elenco<\/strong><\/h2>\n\n\n\n<p class=\"wp-block-paragraph\">Malcolm Miller \u00e9 o s\u00e9timo nome anunciado pelo Mr.Moo S\u00e3o Jos\u00e9 Basketball como parte de seu elenco. Anteriormente, o clube oficializou a chegada dos armadores Cau\u00ea Verzola e Guilherme Lessa, do ala L\u00e9o Cravero, dos piv\u00f4s Anderson Rodrigues e Maique Tavares, e a renova\u00e7\u00e3o do ala\/armador Adyel Borges. O treinador R\u00e9gis Marrelli e toda a comiss\u00e3o t\u00e9cnica permanecem.<\/p>\n\n\n\n<p class=\"wp-block-paragraph\">O primeiro compromisso do time joseense na temporada ser\u00e1 o Campeonato Paulista, com in\u00edcio previsto para o dia 2 de agosto, um s\u00e1bado, \u00e0s 18h, em casa, contra o SL Mandic Limeira.<\/p>\n\n\n\n<p class=\"wp-block-paragraph\">A Equipe do Mr.Moo S\u00e3o Jos\u00e9 Basketball conta com o patroc\u00ednio do Mr.Moo, Vale Sul Shopping, Milclean, \u00c1rbore Engenharia, Vinac Cons\u00f3rcios, Raposo Engenharia, Valebeton, Oscar Cal\u00e7ados, Sabin e DM. Apoio da Tomovale, Cl\u00ednica Cotrel, RT Sports, \u00c1gua Monteiro Lobato, Padaria Kennedy, Com-Sci\u00eancia Sa\u00fade, Emercor e doTERRA. Gest\u00e3o do S\u00e3o Jos\u00e9 Desportivo. O projeto \u00e9 uma realiza\u00e7\u00e3o da Prefeitura de S\u00e3o Jos\u00e9 dos Campos.<\/p>\n\n\n\n<h2 class=\"wp-block-heading\"><strong>Servi\u00e7o:<\/strong><\/h2>\n\n\n\n<p class=\"wp-block-paragraph\">Mr.Moo S\u00e3o Jos\u00e9 Basketball fecha contrata\u00e7\u00e3o do ala Malcolm Miller<\/p>\n\n\n\n<p class=\"wp-block-paragraph\"><strong>Elenco:<\/strong><\/p>\n\n\n\n<p class=\"wp-block-paragraph\">Armadores: Cau\u00ea Verzola e Guilherme Lessa<\/p>\n\n\n\n<p class=\"wp-block-paragraph\">Ala\/armador: Adyel Borges<\/p>\n\n\n\n<p class=\"wp-block-paragraph\">Alas: Malcolm Miller e L\u00e9o Cravero<\/p>\n\n\n\n<p class=\"wp-block-paragraph\">Piv\u00f4s: Anderson Rodrigues e Maique Tavares<\/p>\n\n\n\n<p class=\"wp-block-paragraph\"><strong>Comiss\u00e3o t\u00e9cnica:<\/strong><\/p>\n\n\n\n<p class=\"wp-block-paragraph\">Luis In\u00e1cio Messias \u2013 Diretor Geral<\/p>\n\n\n\n<p class=\"wp-block-paragraph\">Andr\u00e9 Stefanelli (Ded\u00e9) \u2013 Supervisor T\u00e9cnico<\/p>\n\n\n\n<p class=\"wp-block-paragraph\">R\u00e9gis Marrelli \u2013 T\u00e9cnico<\/p>\n\n\n\n<p class=\"wp-block-paragraph\">Cristiano Ahmed \u2013 Assistente T\u00e9cnico<\/p>\n\n\n\n<p class=\"wp-block-paragraph\">Paulo Nery &#8211; Preparador F\u00edsico<\/p>\n\n\n\n<p class=\"wp-block-paragraph\">Matheus Guirro &#8211; Assistente de V\u00eddeo<\/p>\n\n\n\n<p class=\"wp-block-paragraph\">Pedro Morais &#8211; Estat\u00edstico<\/p>\n\n\n\n<p class=\"wp-block-paragraph\">Dr. Diego Braga &#8211; M\u00e9dico<\/p>\n\n\n\n<p class=\"wp-block-paragraph\">Igor de Lima &#8211; Fisioterapeuta<\/p>\n\n\n\n<p class=\"wp-block-paragraph\">Fernando dos Santos&nbsp;&#8211; Atendente<\/p>\n\n\n\n<p class=\"wp-block-paragraph\">Geraldo Sampaio \u2013 Atendente<\/p>\n\n\n\n<p class=\"wp-block-paragraph\"><strong>Patroc\u00ednio:<\/strong> Mr.Moo | Vale Sul Shopping | Milclean | \u00c1rbore Engenharia | Vinac Cons\u00f3rcios | Raposo Engenharia | Valebeton | Oscar Cal\u00e7ados | Sabin | DM<\/p>\n\n\n\n<p class=\"wp-block-paragraph\"><strong>Parceria:<\/strong> Tomovale | Cl\u00ednica Cotrel | Emercor | RT Sports | Padaria Kennedy | Com-Sci\u00eancia Sa\u00fade | doTERRA<\/p>\n\n\n\n<p class=\"wp-block-paragraph\"><strong>Gest\u00e3o:<\/strong> S\u00e3o Jos\u00e9 Desportivo<\/p>\n\n\n\n<p class=\"wp-block-paragraph\"><strong>Realiza\u00e7\u00e3o:<\/strong> Prefeitura Municipal de S\u00e3o Jos\u00e9 dos Campos<\/p>\n\n\n\n<p class=\"wp-block-paragraph\"><strong>Assessoria de Imprensa e Comunica\u00e7\u00e3o \u2013 Ag\u00eancia NTZ<\/strong><\/p>\n","protected":false},"excerpt":{"rendered":"<p>O Mr.Moo S\u00e3o Jos\u00e9 Basketball anunciou neste s\u00e1bado (19) a contrata\u00e7\u00e3o do experiente ala norte-americano Malcolm Miller para integrar o plantel da equipe na disputa da temporada 2025\/26. O jogador de 33 anos e 2.01m de altura \u00e9 natural do Texas-EUA, mas atua no basquete brasileiro h\u00e1 seis temporadas, com passagens por Unifacisa, Corinthians e [&hellip;]<\/p>\n","protected":false},"author":3,"featured_media":5985,"comment_status":"open","ping_status":"open","sticky":false,"template":"","format":"standard","meta":{"footnotes":""},"categories":[28],"tags":[],"class_list":["post-6042","post","type-post","status-publish","format-standard","has-post-thumbnail","hentry","category-noticias"],"_links":{"self":[{"href":"https:\/\/dev.midiasim.net.br\/saojosebasketball\/wp-json\/wp\/v2\/posts\/6042","targetHints":{"allow":["GET"]}}],"collection":[{"href":"https:\/\/dev.midiasim.net.br\/saojosebasketball\/wp-json\/wp\/v2\/posts"}],"about":[{"href":"https:\/\/dev.midiasim.net.br\/saojosebasketball\/wp-json\/wp\/v2\/types\/post"}],"author":[{"embeddable":true,"href":"https:\/\/dev.midiasim.net.br\/saojosebasketball\/wp-json\/wp\/v2\/users\/3"}],"replies":[{"embeddable":true,"href":"https:\/\/dev.midiasim.net.br\/saojosebasketball\/wp-json\/wp\/v2\/comments?post=6042"}],"version-history":[{"count":0,"href":"https:\/\/dev.midiasim.net.br\/saojosebasketball\/wp-json\/wp\/v2\/posts\/6042\/revisions"}],"wp:featuredmedia":[{"embeddable":true,"href":"https:\/\/dev.midiasim.net.br\/saojosebasketball\/wp-json\/wp\/v2\/media\/5985"}],"wp:attachment":[{"href":"https:\/\/dev.midiasim.net.br\/saojosebasketball\/wp-json\/wp\/v2\/media?parent=6042"}],"wp:term":[{"taxonomy":"category","embeddable":true,"href":"https:\/\/dev.midiasim.net.br\/saojosebasketball\/wp-json\/wp\/v2\/categories?post=6042"},{"taxonomy":"post_tag","embeddable":true,"href":"https:\/\/dev.midiasim.net.br\/saojosebasketball\/wp-json\/wp\/v2\/tags?post=6042"}],"curies":[{"name":"wp","href":"https:\/\/api.w.org\/{rel}","templated":true}]}}