{"id":6044,"date":"2025-07-22T18:28:00","date_gmt":"2025-07-22T18:28:00","guid":{"rendered":"https:\/\/dev.midiasim.net.br\/saojosebasketball\/?p=6044"},"modified":"2025-11-10T19:28:57","modified_gmt":"2025-11-10T19:28:57","slug":"mr-moo-sao-jose-basketball-apresenta-elenco-em-evento-no-vale-sul-shopping","status":"publish","type":"post","link":"https:\/\/dev.midiasim.net.br\/saojosebasketball\/mr-moo-sao-jose-basketball-apresenta-elenco-em-evento-no-vale-sul-shopping\/","title":{"rendered":"Mr.Moo S\u00e3o Jos\u00e9 Basketball apresenta elenco em evento no Vale Sul Shopping"},"content":{"rendered":"\n<p class=\"wp-block-paragraph\">Em evento realizado na manh\u00e3 desta ter\u00e7a-feira (22), no Vale Sul Shopping, o Mr.Moo S\u00e3o Jos\u00e9 Basketball apresentou oficialmente a comiss\u00e3o t\u00e9cnica, os atletas j\u00e1 confirmados no elenco e os novos uniformes que ser\u00e3o utilizados na temporada 2025\/26.<\/p>\n\n\n\n<h2 class=\"wp-block-heading\"><strong>Elenco<\/strong><\/h2>\n\n\n\n<p class=\"wp-block-paragraph\">A equipe disputar\u00e1 o Campeonato Paulista e o Novo Basquete Brasil (NBB), com grandes expectativas em torno de um elenco que re\u00fane juventude e experi\u00eancia.<\/p>\n\n\n\n<p class=\"wp-block-paragraph\">Durante o evento, foi anunciada oficialmente a renova\u00e7\u00e3o de contrato com o ala\/piv\u00f4 Douglas dos Santos, de 26 anos. O jogador, que vai para sua terceira temporada no time joseense, foi um dos principais destaques do clube no \u00faltimo ano. No NBB, registrou m\u00e9dias de 13,7 pontos e 6,8 rebotes por jogo, sendo eleito para o Jogo das Estrelas. Com esses n\u00fameros, foi o oitavo maior reboteiro e o 12\u00ba colocado no ranking de efici\u00eancia da competi\u00e7\u00e3o. Al\u00e9m disso, foi eleito o melhor piv\u00f4 do Campeonato Paulista, em que o time foi vice-campe\u00e3o.<\/p>\n\n\n\n<p class=\"wp-block-paragraph\">\u201cA cada ano, a cidade e o projeto t\u00eam me abra\u00e7ado cada vez mais. Me sinto muito feliz por estar aqui e confiante para melhorar meu jogo. Quero ajudar a equipe a atingir objetivos ainda maiores e brigar l\u00e1 em cima nas competi\u00e7\u00f5es\u201d, afirmou Douglas.<\/p>\n\n\n\n<p class=\"wp-block-paragraph\">Douglas foi o \u00faltimo nome confirmado como parte do elenco para a disputa do Campeonato Paulista. Al\u00e9m dele, renovou com a equipe o ala\/armador Adyel Borges e chegaram os armadores Cau\u00ea Verzola e Guilherme Lessa, os alas Malcolm Miller e L\u00e9o Cravero, e os piv\u00f4s Anderson Rodrigues e Maique Tavares. O treinador R\u00e9gis Marrelli e toda a comiss\u00e3o t\u00e9cnica permanecem no comando da equipe.<\/p>\n\n\n\n<h2 class=\"wp-block-heading\"><strong>Uniforme comemorativo<\/strong><\/h2>\n\n\n\n<p class=\"wp-block-paragraph\">Outra novidade apresentada no evento foi o uniforme comemorativo em homenagem \u00e0 conquista do Campeonato Paulista de 2015, que completa 10 anos nesta temporada. O novo uniforme azul traz um degrad\u00ea com faixas no peito nas cores da cidade e faixas laterais em azul-marinho, mesmo padr\u00e3o adotado no modelo branco. Assim como em 2015, os uniformes ser\u00e3o assinados pela RT Sports e estar\u00e3o dispon\u00edveis para venda em breve.<\/p>\n\n\n\n<figure class=\"wp-block-image size-full\"><img fetchpriority=\"high\" decoding=\"async\" width=\"940\" height=\"627\" src=\"https:\/\/dev.midiasim.net.br\/saojosebasketball\/wp-content\/uploads\/2025\/11\/WhatsApp-Image-2025-11-06-at-17.55.27.jpeg\" alt=\"Claudio Vieira\/PMSJC\" class=\"wp-image-5992\" srcset=\"https:\/\/dev.midiasim.net.br\/saojosebasketball\/wp-content\/uploads\/2025\/11\/WhatsApp-Image-2025-11-06-at-17.55.27.jpeg 940w, https:\/\/dev.midiasim.net.br\/saojosebasketball\/wp-content\/uploads\/2025\/11\/WhatsApp-Image-2025-11-06-at-17.55.27-300x200.jpeg 300w, https:\/\/dev.midiasim.net.br\/saojosebasketball\/wp-content\/uploads\/2025\/11\/WhatsApp-Image-2025-11-06-at-17.55.27-768x512.jpeg 768w\" sizes=\"(max-width: 940px) 100vw, 940px\" \/><figcaption class=\"wp-element-caption\">Claudio Vieira\/PMSJC<\/figcaption><\/figure>\n\n\n\n<h2 class=\"wp-block-heading\"><strong>O time<\/strong><\/h2>\n\n\n\n<p class=\"wp-block-paragraph\">Com 78 anos de hist\u00f3ria, o S\u00e3o Jos\u00e9 Basketball \u00e9 uma das institui\u00e7\u00f5es mais tradicionais da modalidade no pa\u00eds, com diversos atletas convocados para as Sele\u00e7\u00f5es Brasileiras em diferentes categorias.<\/p>\n\n\n\n<p class=\"wp-block-paragraph\">Entre as principais conquistas do clube est\u00e3o: cinco t\u00edtulos do Campeonato Paulista (1980, 1981, 2009, 2012 e 2015), uma Ta\u00e7a Brasil (1981), um Campeonato Brasileiro da CBB (2022) e uma Copa S\u00e3o Paulo (2022), al\u00e9m de um vice-campeonato Sul-Americano (1981) e outro no NBB (2011\/12).<\/p>\n\n\n\n<p class=\"wp-block-paragraph\">A equipe do Vale do Para\u00edba tem como um de seus grandes trunfos a fan\u00e1tica torcida joseense, que sempre marca presen\u00e7a nos jogos e garante ao clube uma das melhores m\u00e9dias de p\u00fablico do pa\u00eds.O primeiro compromisso do time joseense na temporada ser\u00e1 o Campeonato Paulista, com in\u00edcio previsto para o dia 2 de agosto, um s\u00e1bado, \u00e0s 18h, em casa, contra o SL Mandic Limeira.<\/p>\n\n\n\n<p class=\"wp-block-paragraph\">A Equipe do Mr.Moo S\u00e3o Jos\u00e9 Basketball conta com o patroc\u00ednio do Mr.Moo, Vale Sul Shopping, Milclean, \u00c1rbore Engenharia, Vinac Cons\u00f3rcios, Raposo Engenharia, Valebeton, Oscar Cal\u00e7ados, Sabin e DM. Apoio da Tomovale, Cl\u00ednica Cotrel, RT Sports, \u00c1gua Monteiro Lobato, Padaria Kennedy, Com-Sci\u00eancia Sa\u00fade, Emercor e doTERRA. Gest\u00e3o do S\u00e3o Jos\u00e9 Desportivo. O projeto \u00e9 uma realiza\u00e7\u00e3o da Prefeitura de S\u00e3o Jos\u00e9 dos Campos.<\/p>\n\n\n\n<figure class=\"wp-block-image size-full\"><img decoding=\"async\" width=\"980\" height=\"520\" src=\"https:\/\/dev.midiasim.net.br\/saojosebasketball\/wp-content\/uploads\/2025\/11\/WhatsApp-Image-2025-11-06-at-17.55.25-2.jpeg\" alt=\"Claudio Vieira\/PMSJC\" class=\"wp-image-5984\" srcset=\"https:\/\/dev.midiasim.net.br\/saojosebasketball\/wp-content\/uploads\/2025\/11\/WhatsApp-Image-2025-11-06-at-17.55.25-2.jpeg 980w, https:\/\/dev.midiasim.net.br\/saojosebasketball\/wp-content\/uploads\/2025\/11\/WhatsApp-Image-2025-11-06-at-17.55.25-2-300x159.jpeg 300w, https:\/\/dev.midiasim.net.br\/saojosebasketball\/wp-content\/uploads\/2025\/11\/WhatsApp-Image-2025-11-06-at-17.55.25-2-768x408.jpeg 768w\" sizes=\"(max-width: 980px) 100vw, 980px\" \/><figcaption class=\"wp-element-caption\">Claudio Vieira\/PMSJC<\/figcaption><\/figure>\n\n\n\n<h2 class=\"wp-block-heading\"><strong>Servi\u00e7o:<\/strong><\/h2>\n\n\n\n<p class=\"wp-block-paragraph\">Mr.Moo S\u00e3o Jos\u00e9 Basketball apresenta elenco em evento no Vale Sul Shopping<\/p>\n\n\n\n<p class=\"wp-block-paragraph\"><strong>Elenco:<\/strong><\/p>\n\n\n\n<p class=\"wp-block-paragraph\"><strong>Armadores:<\/strong> Cau\u00ea Verzola, Guilherme Lessa e Gabriel Pedrosa<\/p>\n\n\n\n<p class=\"wp-block-paragraph\"><strong>Ala\/armador:<\/strong> Adyel Borges e Jo\u00e3o Nickel.<\/p>\n\n\n\n<p class=\"wp-block-paragraph\"><strong>Alas:<\/strong> Malcolm Miller, L\u00e9o Cravero, Gabriel Pessoa, Jo\u00e3o Guimar\u00e3es e Pedro Emanuel.<\/p>\n\n\n\n<p class=\"wp-block-paragraph\"><strong>Ala\/piv\u00f4:<\/strong> Douglas dos Santos e Bruno Foresti.<\/p>\n\n\n\n<p class=\"wp-block-paragraph\"><strong>Piv\u00f4s: <\/strong>Anderson Rodrigues, Maique Tavares e Nat\u00e3.<\/p>\n\n\n\n<p class=\"wp-block-paragraph\"><strong>Comiss\u00e3o t\u00e9cnica:<\/strong><\/p>\n\n\n\n<p class=\"wp-block-paragraph\">Luis In\u00e1cio Messias \u2013 Diretor Geral<\/p>\n\n\n\n<p class=\"wp-block-paragraph\">Andr\u00e9 Stefanelli (Ded\u00e9) \u2013 Supervisor T\u00e9cnico<\/p>\n\n\n\n<p class=\"wp-block-paragraph\">R\u00e9gis Marrelli \u2013 T\u00e9cnico<\/p>\n\n\n\n<p class=\"wp-block-paragraph\">Cristiano Ahmed \u2013 Assistente T\u00e9cnico<\/p>\n\n\n\n<p class=\"wp-block-paragraph\">Paulo Nery &#8211; Preparador F\u00edsico<\/p>\n\n\n\n<p class=\"wp-block-paragraph\">Matheus Guirro &#8211; Assistente de V\u00eddeo<\/p>\n\n\n\n<p class=\"wp-block-paragraph\">Pedro Morais &#8211; Estat\u00edstico<\/p>\n\n\n\n<p class=\"wp-block-paragraph\">Dr. Diego Braga &#8211; M\u00e9dico<\/p>\n\n\n\n<p class=\"wp-block-paragraph\">Igor de Lima &#8211; Fisioterapeuta<\/p>\n\n\n\n<p class=\"wp-block-paragraph\">Fernando dos Santos&nbsp;&#8211; Atendente<\/p>\n\n\n\n<p class=\"wp-block-paragraph\">Geraldo Sampaio \u2013 Atendente<\/p>\n\n\n\n<p class=\"wp-block-paragraph\"><strong>Patroc\u00ednio:<\/strong> Mr.Moo | Vale Sul Shopping | Milclean | Vinac Cons\u00f3rcios | Raposo Engenharia | \u00c1rbore Engenharia | Oscar Cal\u00e7ados | Sabin | DM | Valebeton | Farma Conde | Bluefit |<\/p>\n\n\n\n<p class=\"wp-block-paragraph\"><strong>Parceria:<\/strong> Cl\u00ednica Cotrel | Emercor | Tomovale | Padaria Kennedy | Com-Sci\u00eancia Sa\u00fade | RT Sports | Puma Zeladoria |<\/p>\n\n\n\n<p class=\"wp-block-paragraph\"><strong>Gest\u00e3o:<\/strong> S\u00e3o Jos\u00e9 Desportivo<\/p>\n\n\n\n<p class=\"wp-block-paragraph\"><strong>Realiza\u00e7\u00e3o:<\/strong> Prefeitura Municipal de S\u00e3o Jos\u00e9 dos Campos<\/p>\n\n\n\n<p class=\"wp-block-paragraph\"><strong>Assessoria de Imprensa e Comunica\u00e7\u00e3o \u2013 Ag\u00eancia NTZ<\/strong><\/p>\n","protected":false},"excerpt":{"rendered":"<p>Em evento realizado na manh\u00e3 desta ter\u00e7a-feira (22), no Vale Sul Shopping, o Mr.Moo S\u00e3o Jos\u00e9 Basketball apresentou oficialmente a comiss\u00e3o t\u00e9cnica, os atletas j\u00e1 confirmados no elenco e os novos uniformes que ser\u00e3o utilizados na temporada 2025\/26. Elenco A equipe disputar\u00e1 o Campeonato Paulista e o Novo Basquete Brasil (NBB), com grandes expectativas em [&hellip;]<\/p>\n","protected":false},"author":3,"featured_media":5983,"comment_status":"open","ping_status":"open","sticky":false,"template":"","format":"standard","meta":{"footnotes":""},"categories":[26,28],"tags":[],"class_list":["post-6044","post","type-post","status-publish","format-standard","has-post-thumbnail","hentry","category-destaques","category-noticias"],"_links":{"self":[{"href":"https:\/\/dev.midiasim.net.br\/saojosebasketball\/wp-json\/wp\/v2\/posts\/6044","targetHints":{"allow":["GET"]}}],"collection":[{"href":"https:\/\/dev.midiasim.net.br\/saojosebasketball\/wp-json\/wp\/v2\/posts"}],"about":[{"href":"https:\/\/dev.midiasim.net.br\/saojosebasketball\/wp-json\/wp\/v2\/types\/post"}],"author":[{"embeddable":true,"href":"https:\/\/dev.midiasim.net.br\/saojosebasketball\/wp-json\/wp\/v2\/users\/3"}],"replies":[{"embeddable":true,"href":"https:\/\/dev.midiasim.net.br\/saojosebasketball\/wp-json\/wp\/v2\/comments?post=6044"}],"version-history":[{"count":0,"href":"https:\/\/dev.midiasim.net.br\/saojosebasketball\/wp-json\/wp\/v2\/posts\/6044\/revisions"}],"wp:featuredmedia":[{"embeddable":true,"href":"https:\/\/dev.midiasim.net.br\/saojosebasketball\/wp-json\/wp\/v2\/media\/5983"}],"wp:attachment":[{"href":"https:\/\/dev.midiasim.net.br\/saojosebasketball\/wp-json\/wp\/v2\/media?parent=6044"}],"wp:term":[{"taxonomy":"category","embeddable":true,"href":"https:\/\/dev.midiasim.net.br\/saojosebasketball\/wp-json\/wp\/v2\/categories?post=6044"},{"taxonomy":"post_tag","embeddable":true,"href":"https:\/\/dev.midiasim.net.br\/saojosebasketball\/wp-json\/wp\/v2\/tags?post=6044"}],"curies":[{"name":"wp","href":"https:\/\/api.w.org\/{rel}","templated":true}]}}