{"id":6048,"date":"2025-08-01T18:00:00","date_gmt":"2025-08-01T18:00:00","guid":{"rendered":"https:\/\/dev.midiasim.net.br\/saojosebasketball\/?p=6048"},"modified":"2025-11-10T19:41:41","modified_gmt":"2025-11-10T19:41:41","slug":"mr-moo-sao-jose-basketball-estreia-no-campeonato-paulista-2025","status":"publish","type":"post","link":"https:\/\/dev.midiasim.net.br\/saojosebasketball\/mr-moo-sao-jose-basketball-estreia-no-campeonato-paulista-2025\/","title":{"rendered":"Mr.Moo S\u00e3o Jos\u00e9 Basketball estreia no Campeonato Paulista 2025"},"content":{"rendered":"\n<p class=\"wp-block-paragraph\">Pentacampe\u00e3o estadual, o Mr.Moo S\u00e3o Jos\u00e9 Basketball inicia sua caminhada no Campeonato Paulista 2025 neste s\u00e1bado, 2 de agosto, \u00e0s 18h, contra o SL Mandic Limeira, no Gin\u00e1sio do Teatr\u00e3o. Vice-campe\u00e3 na \u00faltima edi\u00e7\u00e3o, a equipe joseense come\u00e7a a nova temporada com um elenco reformulado.<\/p>\n\n\n\n<p class=\"wp-block-paragraph\">Com t\u00edtulos conquistados nos anos de 1980, 1981, 2009\/10, 2012 e 2015, o S\u00e3o Jos\u00e9 Basketball busca mais uma vez brilhar no Estadual. Em 2024, chegou \u00e0 decis\u00e3o, mas acabou com o vice-campeonato ap\u00f3s ser superado em dois jogos pelo Sesi Franca.<\/p>\n\n\n\n<h2 class=\"wp-block-heading\"><strong>Elenco<\/strong><\/h2>\n\n\n\n<p class=\"wp-block-paragraph\">Para esta temporada, o clube renovou com o ala\/armador Adyel Borges e o ala\/piv\u00f4 Douglas dos Santos. Entre os refor\u00e7os, chegaram os armadores Cau\u00ea Verzola e Guilherme Lessa, os alas Malcolm Miller e L\u00e9o Cravero, al\u00e9m dos piv\u00f4s Anderson Rodrigues e Maique Tavares. O t\u00e9cnico R\u00e9gis Marrelli e toda a comiss\u00e3o t\u00e9cnica seguem \u00e0 frente do projeto.<\/p>\n\n\n\n<p class=\"wp-block-paragraph\">Apesar de estar em processo de recupera\u00e7\u00e3o f\u00edsica, o ala norte-americano Malcolm Miller deve desfalcar a equipe nas primeiras rodadas do campeonato. Fora isso, R\u00e9gis Marrelli ter\u00e1 o elenco completo \u00e0 disposi\u00e7\u00e3o para a estreia no Teatr\u00e3o:<\/p>\n\n\n\n<p class=\"wp-block-paragraph\">\u201cSobre a estreia no Teatr\u00e3o, realmente ser\u00e1 uma estreia para mim, j\u00e1 que nunca trabalhei aqui, e \u00e9 um belo gin\u00e1sio. O time ainda n\u00e3o fez nenhum amistoso, ent\u00e3o vamos usar o in\u00edcio do Paulista como prepara\u00e7\u00e3o. O in\u00edcio vai ser um pouquinho complicado at\u00e9 pela parte f\u00edsica, mas eu acho que devagarzinho, vamos se soltando. Temos uma equipe muito atl\u00e9tica, que vai ser bonita de assistir e certamente far\u00e1 grandes jogos\u201d, afirmou o treinador.<\/p>\n\n\n\n<p class=\"wp-block-paragraph\">Um dos destaques do time \u00e9 o jovem Adyel Borges, cestinha do Campeonato Paulista de 2024 atuando pelo Pinheiros. Curiosamente, foi eliminado nas quartas de final justamente pelo S\u00e3o Jos\u00e9 e, agora, defender\u00e1 a equipe joseense:<\/p>\n\n\n\n<p class=\"wp-block-paragraph\">\u201cNo ano passado, tive um bom desempenho no Paulista, mas o mais importante agora \u00e9 que a gente, como equipe, consiga chegar o mais longe poss\u00edvel. Estou aqui para agregar, os outros jogadores que chegaram agora tamb\u00e9m est\u00e3o aqui para isso. Pretendemos ter um jogo muito coletivo e isso que vamos entregar e que a gente consiga chegar o mais longe poss\u00edvel para a gente \u00e9 ter um bom campeonato\u201d, comentou Adyel Borges.<\/p>\n\n\n\n<p class=\"wp-block-paragraph\">Adyel tamb\u00e9m brilhou recentemente com a Sele\u00e7\u00e3o Brasileira Universit\u00e1ria, conquistando a medalha de ouro nos Jogos Mundiais Universit\u00e1rios na Alemanha. O Brasil chegou a estar 26 pontos atr\u00e1s na final, mas protagonizou uma virada hist\u00f3rica, vencendo na prorroga\u00e7\u00e3o por 94 a 88. O novo camisa 4 joseense foi o cestinha da decis\u00e3o, com 25 pontos:<\/p>\n\n\n\n<p class=\"wp-block-paragraph\">\u201cN\u00e3o consigo nem descrever. Sinto que, independentemente de quem tivesse feito os pontos, o mais importante era vencer. Se fosse outro, jogando daquela forma, e a gente ganhasse, eu estaria feliz do mesmo jeito. Quero trazer para o S\u00e3o Jos\u00e9 Basketball essa vibra\u00e7\u00e3o, essa energia que tivemos l\u00e1\u201d, finalizou Adyel.<\/p>\n\n\n\n<h2 class=\"wp-block-heading\"><strong>Ingressos<\/strong><\/h2>\n\n\n\n<p class=\"wp-block-paragraph\">O duelo contra o SL Mandic Limeira marca o primeiro jogo oficial da equipe na temporada e o reencontro com a torcida joseense no Teatr\u00e3o. Os ingressos para arquibancada est\u00e3o dispon\u00edveis por R$ 20,00, com op\u00e7\u00e3o de meia-entrada solid\u00e1ria por R$ 10,00, mediante a doa\u00e7\u00e3o de 1 kg de alimento n\u00e3o perec\u00edvel (limitada a 40% da carga total de ingressos). Crian\u00e7as de at\u00e9 7 anos n\u00e3o pagam.<\/p>\n\n\n\n<p class=\"wp-block-paragraph\">A grande novidade desta temporada \u00e9 o setor de cadeiras de quadra, com ingressos a pre\u00e7o \u00fanico de R$ 40,00. As entradas podem ser adquiridas pelo aplicativo do S\u00e3o Jos\u00e9 Basketball, dispon\u00edvel para Android e iOS: <a href=\"https:\/\/onelink.to\/uhhr6w\">https:\/\/onelink.to\/uhhr6w<\/a><\/p>\n\n\n\n<p class=\"wp-block-paragraph\">Os port\u00f5es ser\u00e3o abertos \u00e0s 17h, e o clube recomenda que os torcedores cheguem com anteced\u00eancia para evitar filas. O estacionamento do MIC (Museu Interativo de Ci\u00eancias) estar\u00e1 dispon\u00edvel gratuitamente para todos.<\/p>\n\n\n\n<p class=\"wp-block-paragraph\">A Equipe do Mr.Moo S\u00e3o Jos\u00e9 Basketball conta com o patroc\u00ednio do Mr.Moo, Vale Sul Shopping, Milclean, Vinac Cons\u00f3rcios, Raposo Engenharia, \u00c1rbore Engenharia, Oscar Cal\u00e7ados, Sabin, DM, Valebeton, Farma Conde e Bluefit. Apoio da Cl\u00ednica Cotrel, Emercor, Tomovale, Padaria Kennedy, Com-Sci\u00eancia Sa\u00fade, RT Sports e Puma Zeladoria. Gest\u00e3o do S\u00e3o Jos\u00e9 Desportivo. O projeto \u00e9 uma realiza\u00e7\u00e3o da Prefeitura de S\u00e3o Jos\u00e9 dos Campos.<\/p>\n\n\n\n<h2 class=\"wp-block-heading\"><strong>Servi\u00e7o:<\/strong><\/h2>\n\n\n\n<p class=\"wp-block-paragraph\">Mr.Moo S\u00e3o Jos\u00e9 Basketball estreia no Campeonato Paulista 2025<\/p>\n\n\n\n<p class=\"wp-block-paragraph\"><strong>Campeonato Paulista 2025 \u2013 1\u00aa Rodada<\/strong><\/p>\n\n\n\n<p class=\"wp-block-paragraph\"><strong>Mr.Moo S\u00e3o Jos\u00e9 Basketball x SL Mandic Limeira<\/strong><\/p>\n\n\n\n<p class=\"wp-block-paragraph\"><strong>Data:<\/strong> 02\/08 (s\u00e1bado) \u00e0s 18h00<\/p>\n\n\n\n<p class=\"wp-block-paragraph\"><strong>Local:<\/strong> Gin\u00e1sio do Teatr\u00e3o (Dr. Ricardo Edwards, 95 \u2013 Vila Industrial &#8211; S\u00e3o Jos\u00e9 dos Campos\/SP)<\/p>\n\n\n\n<p class=\"wp-block-paragraph\"><strong>Ingressos:<\/strong> <a href=\"https:\/\/onelink.to\/uhhr6w\">https:\/\/onelink.to\/uhhr6w<\/a><\/p>\n\n\n\n<h2 class=\"wp-block-heading\"><strong>Elenco:<\/strong><\/h2>\n\n\n\n<p class=\"wp-block-paragraph\"><strong>Armadores:<\/strong> Cau\u00ea Verzola, Guilherme Lessa e Gabriel Pedrosa<\/p>\n\n\n\n<p class=\"wp-block-paragraph\"><strong>Ala\/armador:<\/strong> Adyel Borges e Jo\u00e3o Nickel.<\/p>\n\n\n\n<p class=\"wp-block-paragraph\"><strong>Alas:<\/strong> Malcolm Miller, L\u00e9o Cravero, Gabriel Pessoa, Jo\u00e3o Guimar\u00e3es e Pedro Emanuel.<\/p>\n\n\n\n<p class=\"wp-block-paragraph\"><strong>Ala\/piv\u00f4:<\/strong> Douglas dos Santos e Bruno Foresti.<\/p>\n\n\n\n<p class=\"wp-block-paragraph\"><strong>Piv\u00f4s: <\/strong>Anderson Rodrigues, Maique Tavares e Nat\u00e3.<\/p>\n\n\n\n<p class=\"wp-block-paragraph\"><strong>Comiss\u00e3o t\u00e9cnica:<\/strong><\/p>\n\n\n\n<p class=\"wp-block-paragraph\">Luis In\u00e1cio Messias \u2013 Diretor Geral<\/p>\n\n\n\n<p class=\"wp-block-paragraph\">Andr\u00e9 Stefanelli (Ded\u00e9) \u2013 Supervisor T\u00e9cnico<\/p>\n\n\n\n<p class=\"wp-block-paragraph\">R\u00e9gis Marrelli \u2013 T\u00e9cnico<\/p>\n\n\n\n<p class=\"wp-block-paragraph\">Cristiano Ahmed \u2013 Assistente T\u00e9cnico<\/p>\n\n\n\n<p class=\"wp-block-paragraph\">Paulo Nery &#8211; Preparador F\u00edsico<\/p>\n\n\n\n<p class=\"wp-block-paragraph\">Matheus Guirro &#8211; Assistente de V\u00eddeo<\/p>\n\n\n\n<p class=\"wp-block-paragraph\">Pedro Morais &#8211; Estat\u00edstico<\/p>\n\n\n\n<p class=\"wp-block-paragraph\">Dr. Diego Braga &#8211; M\u00e9dico<\/p>\n\n\n\n<p class=\"wp-block-paragraph\">Igor de Lima &#8211; Fisioterapeuta<\/p>\n\n\n\n<p class=\"wp-block-paragraph\">Fernando dos Santos&nbsp;&#8211; Atendente<\/p>\n\n\n\n<p class=\"wp-block-paragraph\">Geraldo Sampaio \u2013 Atendente<\/p>\n\n\n\n<p class=\"wp-block-paragraph\"><strong>Patroc\u00ednio:<\/strong> Mr.Moo | Vale Sul Shopping | Milclean | Vinac Cons\u00f3rcios | Raposo Engenharia | \u00c1rbore Engenharia | Oscar Cal\u00e7ados | Sabin | DM | Valebeton | Farma Conde | Bluefit |<\/p>\n\n\n\n<p class=\"wp-block-paragraph\"><strong>Parceria:<\/strong> Cl\u00ednica Cotrel | Emercor | Tomovale | Padaria Kennedy | Com-Sci\u00eancia Sa\u00fade | RT Sports | Puma Zeladoria |<\/p>\n\n\n\n<p class=\"wp-block-paragraph\"><strong>Gest\u00e3o:<\/strong> S\u00e3o Jos\u00e9 Desportivo<\/p>\n\n\n\n<p class=\"wp-block-paragraph\"><strong>Realiza\u00e7\u00e3o:<\/strong> Prefeitura Municipal de S\u00e3o Jos\u00e9 dos Campos<\/p>\n\n\n\n<p class=\"wp-block-paragraph\"><strong>Assessoria de Imprensa e Comunica\u00e7\u00e3o \u2013 Ag\u00eancia NTZ<\/strong><\/p>\n","protected":false},"excerpt":{"rendered":"<p>Pentacampe\u00e3o estadual, o Mr.Moo S\u00e3o Jos\u00e9 Basketball inicia sua caminhada no Campeonato Paulista 2025 neste s\u00e1bado, 2 de agosto, \u00e0s 18h, contra o SL Mandic Limeira, no Gin\u00e1sio do Teatr\u00e3o. Vice-campe\u00e3 na \u00faltima edi\u00e7\u00e3o, a equipe joseense come\u00e7a a nova temporada com um elenco reformulado. Com t\u00edtulos conquistados nos anos de 1980, 1981, 2009\/10, 2012 [&hellip;]<\/p>\n","protected":false},"author":3,"featured_media":5991,"comment_status":"open","ping_status":"open","sticky":false,"template":"","format":"standard","meta":{"footnotes":""},"categories":[28],"tags":[],"class_list":["post-6048","post","type-post","status-publish","format-standard","has-post-thumbnail","hentry","category-noticias"],"_links":{"self":[{"href":"https:\/\/dev.midiasim.net.br\/saojosebasketball\/wp-json\/wp\/v2\/posts\/6048","targetHints":{"allow":["GET"]}}],"collection":[{"href":"https:\/\/dev.midiasim.net.br\/saojosebasketball\/wp-json\/wp\/v2\/posts"}],"about":[{"href":"https:\/\/dev.midiasim.net.br\/saojosebasketball\/wp-json\/wp\/v2\/types\/post"}],"author":[{"embeddable":true,"href":"https:\/\/dev.midiasim.net.br\/saojosebasketball\/wp-json\/wp\/v2\/users\/3"}],"replies":[{"embeddable":true,"href":"https:\/\/dev.midiasim.net.br\/saojosebasketball\/wp-json\/wp\/v2\/comments?post=6048"}],"version-history":[{"count":0,"href":"https:\/\/dev.midiasim.net.br\/saojosebasketball\/wp-json\/wp\/v2\/posts\/6048\/revisions"}],"wp:featuredmedia":[{"embeddable":true,"href":"https:\/\/dev.midiasim.net.br\/saojosebasketball\/wp-json\/wp\/v2\/media\/5991"}],"wp:attachment":[{"href":"https:\/\/dev.midiasim.net.br\/saojosebasketball\/wp-json\/wp\/v2\/media?parent=6048"}],"wp:term":[{"taxonomy":"category","embeddable":true,"href":"https:\/\/dev.midiasim.net.br\/saojosebasketball\/wp-json\/wp\/v2\/categories?post=6048"},{"taxonomy":"post_tag","embeddable":true,"href":"https:\/\/dev.midiasim.net.br\/saojosebasketball\/wp-json\/wp\/v2\/tags?post=6048"}],"curies":[{"name":"wp","href":"https:\/\/api.w.org\/{rel}","templated":true}]}}