{"id":6060,"date":"2025-08-08T13:22:00","date_gmt":"2025-08-08T13:22:00","guid":{"rendered":"https:\/\/dev.midiasim.net.br\/saojosebasketball\/?p=6060"},"modified":"2025-11-10T20:35:59","modified_gmt":"2025-11-10T20:35:59","slug":"mr-moo-sao-jose-basketball-busca-manter-invencibilidade-em-visita-ao-rio-claro","status":"publish","type":"post","link":"https:\/\/dev.midiasim.net.br\/saojosebasketball\/mr-moo-sao-jose-basketball-busca-manter-invencibilidade-em-visita-ao-rio-claro\/","title":{"rendered":"Mr.Moo S\u00e3o Jos\u00e9 Basketball busca manter invencibilidade em visita ao Rio Claro"},"content":{"rendered":"\n<p class=\"wp-block-paragraph\">O Mr.Moo S\u00e3o Jos\u00e9 Basketball entra em quadra neste s\u00e1bado (9) fora de casa diante do Rio Claro, \u00e0s 19h, no gin\u00e1sio Felipe Karan, pelo Campeonato Paulista de basquete.<\/p>\n\n\n\n<p class=\"wp-block-paragraph\">Com duas vit\u00f3rias em dois jogos, o time joseense lidera a competi\u00e7\u00e3o estadual e busca manter o embalo ap\u00f3s superar o S\u00e3o Leopoldo Mandic Limeira em casa e o Mogi das Cruzes fora de casa na \u00faltima semana.<\/p>\n\n\n\n<p class=\"wp-block-paragraph\">Por outro lado, o Rio Claro estreou com derrota em casa diante do Pinheiros, por 92 a 63, em partida que contou com o gin\u00e1sio lotado e marcou o retorno da equipe ap\u00f3s dois anos de inatividade.<\/p>\n\n\n\n<p class=\"wp-block-paragraph\">\u201cPrimeiramente queria destacar que \u00e9 muito legal termos a volta do Rio Claro, ainda mais com o gin\u00e1sio lotado e uma grande festa como foi no primeiro jogo deles. Isso \u00e9 muito bom para o basquete. \u00c9 um time em forma\u00e7\u00e3o, mas j\u00e1 se nota ser muito voluntarioso e que tem a bola de tr\u00eas pontos como carro-chefe. Eles trouxeram um armador s\u00e9rvio muito bom e outro estrangeiro tamb\u00e9m, tem o Gemadinha que \u00e9 um jogador de destaque do nosso cen\u00e1rio, tem o Vitor e o Caio que sa\u00edram daqui e foram para l\u00e1, tem alguns jogadores n\u00e3o estrearam e acredito que jogar\u00e3o contra n\u00f3s. \u00c9 um time novo, que tende a crescer\u201d, apontou o t\u00e9cnico do clube joseense, R\u00e9gis Marrelli.<\/p>\n\n\n\n<p class=\"wp-block-paragraph\">O treinador do Mr.Moo S\u00e3o Jos\u00e9 Basketball destacou a evolu\u00e7\u00e3o em sua equipe em rela\u00e7\u00e3o aos desperd\u00edcios de bola e elencou o que espera de seus comandados na pr\u00f3xima partida.<\/p>\n\n\n\n<p class=\"wp-block-paragraph\">\u201cJogando fora de casa vamos sofrer com a press\u00e3o da torcida, talvez da arbitragem tamb\u00e9m, mas espero que possamos atuar de forma equilibrada e fazer um grande jogo. Achei positivo que no \u00faltimo jogo cometemos menos desperd\u00edcios de bola em rela\u00e7\u00e3o \u00e0 nossa estreia, j\u00e1 tivemos uma evolu\u00e7\u00e3o nesse quesito e \u00e9 muito importante minimizarmos os nossos erros fora de casa para tentarmos ganhar o jogo\u201d, disse Marrelli.<\/p>\n\n\n\n<p class=\"wp-block-paragraph\">A Equipe do Mr.Moo S\u00e3o Jos\u00e9 Basketball conta com o patroc\u00ednio do Mr.Moo, Vale Sul Shopping, Milclean, Vinac Cons\u00f3rcios, Raposo Engenharia, \u00c1rbore Engenharia, Oscar Cal\u00e7ados, Sabin, DM, Valebeton, Farma Conde e Bluefit. Apoio da Cl\u00ednica Cotrel, Emercor, Tomovale, Padaria Kennedy, Com-Sci\u00eancia Sa\u00fade, RT Sports e Puma Zeladoria. Gest\u00e3o do S\u00e3o Jos\u00e9 Desportivo. O projeto \u00e9 uma realiza\u00e7\u00e3o da Prefeitura de S\u00e3o Jos\u00e9 dos Campos.<\/p>\n\n\n\n<h2 class=\"wp-block-heading\"><strong>Servi\u00e7o:<\/strong><\/h2>\n\n\n\n<p class=\"wp-block-paragraph\">Mr.Moo S\u00e3o Jos\u00e9 Basketball busca manter invencibilidade em visita ao Rio Claro<\/p>\n\n\n\n<p class=\"wp-block-paragraph\"><strong>Campeonato Paulista \u2013 3\u00aa Rodada<\/strong><\/p>\n\n\n\n<p class=\"wp-block-paragraph\"><strong>Rio Claro x Mr.Moo S\u00e3o Jos\u00e9 Basketball<\/strong><\/p>\n\n\n\n<p class=\"wp-block-paragraph\"><strong>Data:<\/strong> 09\/08 (s\u00e1bado) \u00e0s 19h<\/p>\n\n\n\n<p class=\"wp-block-paragraph\"><strong>Local:<\/strong> Gin\u00e1sio Felipe Karan \u2013 Rio Claro\/SP<\/p>\n\n\n\n<p class=\"wp-block-paragraph\"><strong>Transmiss\u00e3o:<\/strong> YouTube da Federa\u00e7\u00e3o Paulista de Basquete<\/p>\n\n\n\n<h2 class=\"wp-block-heading\"><strong>Elenco:<\/strong><\/h2>\n\n\n\n<p class=\"wp-block-paragraph\"><strong>Armadores: <\/strong>Cau\u00ea Verzola, Guilherme Lessa e Gabriel Pedrosa<\/p>\n\n\n\n<p class=\"wp-block-paragraph\"><strong>Ala\/armador: <\/strong>Adyel Borges e Jo\u00e3o Nickel<\/p>\n\n\n\n<p class=\"wp-block-paragraph\"><strong>Alas: <\/strong>Malcolm Miller, L\u00e9o Cravero, Gabriel Pessoa, Jo\u00e3o Guimar\u00e3es e Pedro Emanuel<\/p>\n\n\n\n<p class=\"wp-block-paragraph\"><strong>Ala\/piv\u00f4: <\/strong>Douglas dos Santos e Bruno Foresti<\/p>\n\n\n\n<p class=\"wp-block-paragraph\"><strong>Piv\u00f4s: <\/strong>Anderson Rodrigues, Maique Tavares e Nat\u00e3<\/p>\n\n\n\n<p class=\"wp-block-paragraph\"><strong>Comiss\u00e3o t\u00e9cnica:<\/strong><\/p>\n\n\n\n<p class=\"wp-block-paragraph\">Luis In\u00e1cio Messias \u2013 Diretor Geral<\/p>\n\n\n\n<p class=\"wp-block-paragraph\">Andr\u00e9 Stefanelli (Ded\u00e9) \u2013 Supervisor T\u00e9cnico<\/p>\n\n\n\n<p class=\"wp-block-paragraph\">R\u00e9gis Marrelli \u2013 T\u00e9cnico<\/p>\n\n\n\n<p class=\"wp-block-paragraph\">Cristiano Ahmed \u2013 Assistente T\u00e9cnico<\/p>\n\n\n\n<p class=\"wp-block-paragraph\">Paulo Nery &#8211; Preparador F\u00edsico<\/p>\n\n\n\n<p class=\"wp-block-paragraph\">Matheus Guirro &#8211; Assistente de V\u00eddeo<\/p>\n\n\n\n<p class=\"wp-block-paragraph\">Pedro Morais &#8211; Estat\u00edstico<\/p>\n\n\n\n<p class=\"wp-block-paragraph\">Dr. Diego Braga &#8211; M\u00e9dico<\/p>\n\n\n\n<p class=\"wp-block-paragraph\">Igor de Lima &#8211; Fisioterapeuta<\/p>\n\n\n\n<p class=\"wp-block-paragraph\">Fernando dos Santos &#8211; Atendente<\/p>\n\n\n\n<p class=\"wp-block-paragraph\">Geraldo Sampaio \u2013 Atendente<\/p>\n\n\n\n<p class=\"wp-block-paragraph\"><strong>Patroc\u00ednio: <\/strong>Mr.Moo | Vale Sul Shopping | Milclean | Vinac Cons\u00f3rcios | Raposo Engenharia | \u00c1rbore Engenharia | Oscar Cal\u00e7ados | Sabin | DM | Valebeton | Farma Conde | Bluefit<\/p>\n\n\n\n<p class=\"wp-block-paragraph\"><strong>Parceria: <\/strong>Cl\u00ednica Cotrel | Emercor | Tomovale | Padaria Kennedy | Com-Sci\u00eancia Sa\u00fade | RT Sports | Puma Zeladoria<\/p>\n\n\n\n<p class=\"wp-block-paragraph\"><strong>Gest\u00e3o: <\/strong>S\u00e3o Jos\u00e9 Desportivo<\/p>\n\n\n\n<p class=\"wp-block-paragraph\"><strong>Realiza\u00e7\u00e3o: <\/strong>Prefeitura Municipal de S\u00e3o Jos\u00e9 dos Campos<\/p>\n\n\n\n<p class=\"wp-block-paragraph\"><strong>Assessoria de Imprensa e Comunica\u00e7\u00e3o \u2013 Ag\u00eancia NTZ<\/strong><strong><\/strong><\/p>\n","protected":false},"excerpt":{"rendered":"<p>O Mr.Moo S\u00e3o Jos\u00e9 Basketball entra em quadra neste s\u00e1bado (9) fora de casa diante do Rio Claro, \u00e0s 19h, no gin\u00e1sio Felipe Karan, pelo Campeonato Paulista de basquete. Com duas vit\u00f3rias em dois jogos, o time joseense lidera a competi\u00e7\u00e3o estadual e busca manter o embalo ap\u00f3s superar o S\u00e3o Leopoldo Mandic Limeira em [&hellip;]<\/p>\n","protected":false},"author":3,"featured_media":6057,"comment_status":"open","ping_status":"open","sticky":false,"template":"","format":"standard","meta":{"footnotes":""},"categories":[28],"tags":[],"class_list":["post-6060","post","type-post","status-publish","format-standard","has-post-thumbnail","hentry","category-noticias"],"_links":{"self":[{"href":"https:\/\/dev.midiasim.net.br\/saojosebasketball\/wp-json\/wp\/v2\/posts\/6060","targetHints":{"allow":["GET"]}}],"collection":[{"href":"https:\/\/dev.midiasim.net.br\/saojosebasketball\/wp-json\/wp\/v2\/posts"}],"about":[{"href":"https:\/\/dev.midiasim.net.br\/saojosebasketball\/wp-json\/wp\/v2\/types\/post"}],"author":[{"embeddable":true,"href":"https:\/\/dev.midiasim.net.br\/saojosebasketball\/wp-json\/wp\/v2\/users\/3"}],"replies":[{"embeddable":true,"href":"https:\/\/dev.midiasim.net.br\/saojosebasketball\/wp-json\/wp\/v2\/comments?post=6060"}],"version-history":[{"count":0,"href":"https:\/\/dev.midiasim.net.br\/saojosebasketball\/wp-json\/wp\/v2\/posts\/6060\/revisions"}],"wp:featuredmedia":[{"embeddable":true,"href":"https:\/\/dev.midiasim.net.br\/saojosebasketball\/wp-json\/wp\/v2\/media\/6057"}],"wp:attachment":[{"href":"https:\/\/dev.midiasim.net.br\/saojosebasketball\/wp-json\/wp\/v2\/media?parent=6060"}],"wp:term":[{"taxonomy":"category","embeddable":true,"href":"https:\/\/dev.midiasim.net.br\/saojosebasketball\/wp-json\/wp\/v2\/categories?post=6060"},{"taxonomy":"post_tag","embeddable":true,"href":"https:\/\/dev.midiasim.net.br\/saojosebasketball\/wp-json\/wp\/v2\/tags?post=6060"}],"curies":[{"name":"wp","href":"https:\/\/api.w.org\/{rel}","templated":true}]}}