{"id":6064,"date":"2025-08-09T21:39:00","date_gmt":"2025-08-09T21:39:00","guid":{"rendered":"https:\/\/dev.midiasim.net.br\/saojosebasketball\/?p=6064"},"modified":"2025-11-10T20:44:22","modified_gmt":"2025-11-10T20:44:22","slug":"mr-moo-sao-jose-basketball-e-superado-fora-de-casa-pelo-rio-claro","status":"publish","type":"post","link":"https:\/\/dev.midiasim.net.br\/saojosebasketball\/mr-moo-sao-jose-basketball-e-superado-fora-de-casa-pelo-rio-claro\/","title":{"rendered":"Mr.Moo S\u00e3o Jos\u00e9 Basketball \u00e9 superado fora de casa pelo Rio Claro"},"content":{"rendered":"\n<p class=\"wp-block-paragraph\">Neste s\u00e1bado (9), o Mr.Moo S\u00e3o Jos\u00e9 Basketball foi superado fora de casa pelo Rio Claro por 97 a 92, em partida v\u00e1lida pelo Campeonato Paulista.<\/p>\n\n\n\n<p class=\"wp-block-paragraph\">Esta foi a primeira derrota do time joseense na competi\u00e7\u00e3o. Ainda assim, o clube segue na parte de cima da tabela de classifica\u00e7\u00e3o, ocupando a vice-lideran\u00e7a, com duas vit\u00f3rias em tr\u00eas jogos. O Rio Claro aparece em d\u00e9cimo lugar, com uma vit\u00f3ria em dois jogos.<\/p>\n\n\n\n<p class=\"wp-block-paragraph\">Apesar do rev\u00e9s, os atletas Adyel Borges e Douglas dos Santos foram os cestinhas da partida, com 24 e 23 pontos anotados por cada um, respectivamente. O ala Gemadinha foi o principal pontuador do time mandante, com 19 pontos.<\/p>\n\n\n\n<p class=\"wp-block-paragraph\">O time joseense volta \u00e0 quadra na pr\u00f3xima quarta-feira (13), quando recebe a Liga Sorocabana \u00e0s 19h30 no gin\u00e1sio do Teatr\u00e3o, na Vila Industrial. Os ingressos j\u00e1 est\u00e3o \u00e0 venda pelo aplicativo oficial do clube, que pode ser baixado no seguinte link: <a href=\"https:\/\/onelink.to\/uhhr6w\">https:\/\/onelink.to\/uhhr6w<\/a> .<\/p>\n\n\n\n<p class=\"wp-block-paragraph\">Com a proximidade do Dia dos Pais, o clube preparou uma a\u00e7\u00e3o especial para o jogo a ser realizado em casa: os primeiros 50 pais a comprarem ingresso de arquibancada pagar\u00e3o o valor promocional de R$ 5. A promo\u00e7\u00e3o \u00e9 v\u00e1lida para os pais que forem ao jogo acompanhados de ao menos um(a) filho(a), que ter\u00e1 que adquirir seu ingresso normalmente.<\/p>\n\n\n\n<h2 class=\"wp-block-heading\"><strong>O jogo<\/strong><\/h2>\n\n\n\n<p class=\"wp-block-paragraph\">A equipe do Mr.Moo S\u00e3o Jos\u00e9 Basketball foi \u00e0 quadra escalada pelo t\u00e9cnico R\u00e9gis Marrelli com: Cau\u00ea Verzola, Lessa, Adyel Borges, Douglas dos Santos e Maique Tavares.<\/p>\n\n\n\n<p class=\"wp-block-paragraph\">A partida come\u00e7ou com os dois times com a m\u00e3o quente nos arremessos de per\u00edmetro e o placar ficou pr\u00f3ximo (10&#215;10) at\u00e9 a metade do per\u00edodo. Por\u00e9m, quando os donos da casa abriram cinco pontos de frente (18&#215;13) ap\u00f3s enterrada, R\u00e9gis Marrelli pediu tempo. No entanto, o time joseense encontrou dificuldades para pontuar, e, assim, o Rio Claro terminou a parcial na frente: 22 a 18.<\/p>\n\n\n\n<p class=\"wp-block-paragraph\">O time mandante voltou bem para o segundo quarto e logo a diferen\u00e7a saltou para oito pontos (30&#215;22), fazendo R\u00e9gis parar o jogo novamente. A parada surtiu efeito e o Mr.Moo S\u00e3o Jos\u00e9 Basketball engatou 13 pontos em sequ\u00eancia, com boas cestas de Cau\u00ea Verzola e Douglas dos Santos, conseguindo virar (30&#215;31) e abrir frente (30&#215;35). Os joseenses mantiveram o bom desempenho no restante do per\u00edodo, chegando a abrir nove pontos de vantagem (38&#215;47) e foram para o intervalo vencendo por 47 a 41.<\/p>\n\n\n\n<p class=\"wp-block-paragraph\">O Mr.Moo S\u00e3o Jos\u00e9 Basketball seguiu pontuando bem na volta do intervalo com atua\u00e7\u00f5es inspiradas de Douglas dos Santos e Anderson Rodrigues (52&#215;57), mas o Rio Claro apostava forte nas bolas de tr\u00eas pontos e conseguiu retomar a lideran\u00e7a no placar (58&#215;57). O jogo seguiu equilibrado (63&#215;63), mas o aproveitamento incr\u00edvel no per\u00edmetro deixou os donos da casa na dianteira ao t\u00e9rmino do per\u00edodo: 74 a 67.<\/p>\n\n\n\n<p class=\"wp-block-paragraph\">O Rio Claro seguiu apostando nos arremessos de fora e a diferen\u00e7a chegou a dez pontos ap\u00f3s cesta de Gemadinha (80&#215;70). Os joseenses n\u00e3o se abateram e a diferen\u00e7a caiu para dois pontos ap\u00f3s duas bolas triplas de Adyel (84&#215;82). Contudo, os donos da casa responderam na mesma moeda e subiram a vantagem (89&#215;82). Depois disso, o time de S\u00e3o Jos\u00e9 dos Campos se manteve pr\u00f3ximo no placar at\u00e9 o final do jogo, mas o Rio Claro conseguiu manter a dianteira e confirmou a vit\u00f3ria.<\/p>\n\n\n\n<p class=\"wp-block-paragraph\">A Equipe do Mr.Moo S\u00e3o Jos\u00e9 Basketball conta com o patroc\u00ednio do Mr.Moo, Vale Sul Shopping, Milclean, Vinac Cons\u00f3rcios, Raposo Engenharia, \u00c1rbore Engenharia, Oscar Cal\u00e7ados, Sabin, DM, Valebeton, Farma Conde e Bluefit. Apoio da Cl\u00ednica Cotrel, Emercor, Tomovale, Padaria Kennedy, Com-Sci\u00eancia Sa\u00fade, RT Sports e Puma Zeladoria. Gest\u00e3o do S\u00e3o Jos\u00e9 Desportivo. O projeto \u00e9 uma realiza\u00e7\u00e3o da Prefeitura de S\u00e3o Jos\u00e9 dos Campos.<\/p>\n\n\n\n<figure class=\"wp-block-image size-large\"><img fetchpriority=\"high\" decoding=\"async\" width=\"1024\" height=\"682\" src=\"https:\/\/dev.midiasim.net.br\/saojosebasketball\/wp-content\/uploads\/2025\/11\/WhatsApp-Image-2025-11-06-at-17.55.40-1024x682.jpeg\" alt=\"Filippo Ferrari\" class=\"wp-image-6022\" srcset=\"https:\/\/dev.midiasim.net.br\/saojosebasketball\/wp-content\/uploads\/2025\/11\/WhatsApp-Image-2025-11-06-at-17.55.40-1024x682.jpeg 1024w, https:\/\/dev.midiasim.net.br\/saojosebasketball\/wp-content\/uploads\/2025\/11\/WhatsApp-Image-2025-11-06-at-17.55.40-300x200.jpeg 300w, https:\/\/dev.midiasim.net.br\/saojosebasketball\/wp-content\/uploads\/2025\/11\/WhatsApp-Image-2025-11-06-at-17.55.40-768x511.jpeg 768w, https:\/\/dev.midiasim.net.br\/saojosebasketball\/wp-content\/uploads\/2025\/11\/WhatsApp-Image-2025-11-06-at-17.55.40.jpeg 1280w\" sizes=\"(max-width: 1024px) 100vw, 1024px\" \/><figcaption class=\"wp-element-caption\">Filippo Ferrari<\/figcaption><\/figure>\n\n\n\n<h2 class=\"wp-block-heading\"><strong>Servi\u00e7o:<\/strong><\/h2>\n\n\n\n<p class=\"wp-block-paragraph\">Mr.Moo S\u00e3o Jos\u00e9 Basketball \u00e9 superado fora de casa pelo Rio Claro<\/p>\n\n\n\n<p class=\"wp-block-paragraph\"><strong>Escala\u00e7\u00e3o:<\/strong><\/p>\n\n\n\n<p class=\"wp-block-paragraph\">Titulares: Cau\u00ea Verzola (3), Guilherme Lessa (8), Adyel (24), Douglas dos Santos (23) e Maique Tavares (5).<\/p>\n\n\n\n<p class=\"wp-block-paragraph\">Banco: Jo\u00e3o Nickel (0), L\u00e9o Cravero (8), Malcolm Miller (6), Anderson Rodrigues (15), Bruno Foresti (n\u00e3o entrou), Nat\u00e3 Nascimento (n\u00e3o entrou) e Jo\u00e3o Guimar\u00e3es (n\u00e3o entrou).<\/p>\n\n\n\n<p class=\"wp-block-paragraph\"><strong>Campeonato Paulista \u2013 3\u00aa Rodada<\/strong><\/p>\n\n\n\n<p class=\"wp-block-paragraph\"><strong>Rio Claro 97 x 92 Mr.Moo S\u00e3o Jos\u00e9 Basketball<\/strong><\/p>\n\n\n\n<p class=\"wp-block-paragraph\"><strong>Parciais:<\/strong> 22 x 18 \/ 19 x 29 \/ 33 x 20 \/ 23 x 25<\/p>\n\n\n\n<p class=\"wp-block-paragraph\"><strong>Data:<\/strong> 09\/08 (s\u00e1bado) \u00e0s 19h<\/p>\n\n\n\n<p class=\"wp-block-paragraph\"><strong>Local:<\/strong> Gin\u00e1sio Felipe Karan \u2013 Rio Claro\/SP<\/p>\n\n\n\n<p class=\"wp-block-paragraph\"><strong>Transmiss\u00e3o:<\/strong> YouTube da Federa\u00e7\u00e3o Paulista de Basquete<\/p>\n\n\n\n<h2 class=\"wp-block-heading\"><strong>Elenco:<\/strong><\/h2>\n\n\n\n<p class=\"wp-block-paragraph\"><strong>Armadores: <\/strong>Cau\u00ea Verzola, Guilherme Lessa e Gabriel Pedrosa<\/p>\n\n\n\n<p class=\"wp-block-paragraph\"><strong>Ala\/armador: <\/strong>Adyel Borges e Jo\u00e3o Nickel<\/p>\n\n\n\n<p class=\"wp-block-paragraph\"><strong>Alas: <\/strong>Malcolm Miller, L\u00e9o Cravero, Gabriel Pessoa, Jo\u00e3o Guimar\u00e3es e Pedro Emanuel<\/p>\n\n\n\n<p class=\"wp-block-paragraph\"><strong>Ala\/piv\u00f4: <\/strong>Douglas dos Santos e Bruno Foresti<\/p>\n\n\n\n<p class=\"wp-block-paragraph\"><strong>Piv\u00f4s: <\/strong>Anderson Rodrigues, Maique Tavares e Nat\u00e3<\/p>\n\n\n\n<p class=\"wp-block-paragraph\"><strong>Comiss\u00e3o t\u00e9cnica:<\/strong><\/p>\n\n\n\n<p class=\"wp-block-paragraph\">Luis In\u00e1cio Messias \u2013 Diretor Geral<\/p>\n\n\n\n<p class=\"wp-block-paragraph\">Andr\u00e9 Stefanelli (Ded\u00e9) \u2013 Supervisor T\u00e9cnico<\/p>\n\n\n\n<p class=\"wp-block-paragraph\">R\u00e9gis Marrelli \u2013 T\u00e9cnico<\/p>\n\n\n\n<p class=\"wp-block-paragraph\">Cristiano Ahmed \u2013 Assistente T\u00e9cnico<\/p>\n\n\n\n<p class=\"wp-block-paragraph\">Paulo Nery &#8211; Preparador F\u00edsico<\/p>\n\n\n\n<p class=\"wp-block-paragraph\">Matheus Guirro &#8211; Assistente de V\u00eddeo<\/p>\n\n\n\n<p class=\"wp-block-paragraph\">Pedro Morais &#8211; Estat\u00edstico<\/p>\n\n\n\n<p class=\"wp-block-paragraph\">Dr. Diego Braga &#8211; M\u00e9dico<\/p>\n\n\n\n<p class=\"wp-block-paragraph\">Igor de Lima &#8211; Fisioterapeuta<\/p>\n\n\n\n<p class=\"wp-block-paragraph\">Fernando dos Santos &#8211; Atendente<\/p>\n\n\n\n<p class=\"wp-block-paragraph\">Geraldo Sampaio \u2013 Atendente<\/p>\n\n\n\n<p class=\"wp-block-paragraph\"><strong>Patroc\u00ednio: <\/strong>Mr.Moo | Vale Sul Shopping | Milclean | Vinac Cons\u00f3rcios | Raposo Engenharia | \u00c1rbore Engenharia | Oscar Cal\u00e7ados | Sabin | DM | Valebeton | Farma Conde | Bluefit<\/p>\n\n\n\n<p class=\"wp-block-paragraph\"><strong>Parceria: <\/strong>Cl\u00ednica Cotrel | Emercor | Tomovale | Padaria Kennedy | Com-Sci\u00eancia Sa\u00fade | RT Sports | Puma Zeladoria<\/p>\n\n\n\n<p class=\"wp-block-paragraph\"><strong>Gest\u00e3o: <\/strong>S\u00e3o Jos\u00e9 Desportivo<\/p>\n\n\n\n<p class=\"wp-block-paragraph\"><strong>Realiza\u00e7\u00e3o: <\/strong>Prefeitura Municipal de S\u00e3o Jos\u00e9 dos Campos<\/p>\n\n\n\n<p class=\"wp-block-paragraph\"><strong>Assessoria de Imprensa e Comunica\u00e7\u00e3o \u2013 Ag\u00eancia NTZ<\/strong><\/p>\n","protected":false},"excerpt":{"rendered":"<p>Neste s\u00e1bado (9), o Mr.Moo S\u00e3o Jos\u00e9 Basketball foi superado fora de casa pelo Rio Claro por 97 a 92, em partida v\u00e1lida pelo Campeonato Paulista. Esta foi a primeira derrota do time joseense na competi\u00e7\u00e3o. Ainda assim, o clube segue na parte de cima da tabela de classifica\u00e7\u00e3o, ocupando a vice-lideran\u00e7a, com duas vit\u00f3rias [&hellip;]<\/p>\n","protected":false},"author":3,"featured_media":5997,"comment_status":"open","ping_status":"open","sticky":false,"template":"","format":"standard","meta":{"footnotes":""},"categories":[28],"tags":[],"class_list":["post-6064","post","type-post","status-publish","format-standard","has-post-thumbnail","hentry","category-noticias"],"_links":{"self":[{"href":"https:\/\/dev.midiasim.net.br\/saojosebasketball\/wp-json\/wp\/v2\/posts\/6064","targetHints":{"allow":["GET"]}}],"collection":[{"href":"https:\/\/dev.midiasim.net.br\/saojosebasketball\/wp-json\/wp\/v2\/posts"}],"about":[{"href":"https:\/\/dev.midiasim.net.br\/saojosebasketball\/wp-json\/wp\/v2\/types\/post"}],"author":[{"embeddable":true,"href":"https:\/\/dev.midiasim.net.br\/saojosebasketball\/wp-json\/wp\/v2\/users\/3"}],"replies":[{"embeddable":true,"href":"https:\/\/dev.midiasim.net.br\/saojosebasketball\/wp-json\/wp\/v2\/comments?post=6064"}],"version-history":[{"count":0,"href":"https:\/\/dev.midiasim.net.br\/saojosebasketball\/wp-json\/wp\/v2\/posts\/6064\/revisions"}],"wp:featuredmedia":[{"embeddable":true,"href":"https:\/\/dev.midiasim.net.br\/saojosebasketball\/wp-json\/wp\/v2\/media\/5997"}],"wp:attachment":[{"href":"https:\/\/dev.midiasim.net.br\/saojosebasketball\/wp-json\/wp\/v2\/media?parent=6064"}],"wp:term":[{"taxonomy":"category","embeddable":true,"href":"https:\/\/dev.midiasim.net.br\/saojosebasketball\/wp-json\/wp\/v2\/categories?post=6064"},{"taxonomy":"post_tag","embeddable":true,"href":"https:\/\/dev.midiasim.net.br\/saojosebasketball\/wp-json\/wp\/v2\/tags?post=6064"}],"curies":[{"name":"wp","href":"https:\/\/api.w.org\/{rel}","templated":true}]}}