{"id":6072,"date":"2025-08-14T18:35:00","date_gmt":"2025-08-14T18:35:00","guid":{"rendered":"https:\/\/dev.midiasim.net.br\/saojosebasketball\/?p=6072"},"modified":"2025-11-10T21:09:18","modified_gmt":"2025-11-10T21:09:18","slug":"mr-moo-sao-jose-basketball-anuncia-promocao-na-venda-de-ingressos-para-proximo-jogo-em-casa","status":"publish","type":"post","link":"https:\/\/dev.midiasim.net.br\/saojosebasketball\/mr-moo-sao-jose-basketball-anuncia-promocao-na-venda-de-ingressos-para-proximo-jogo-em-casa\/","title":{"rendered":"Mr.Moo S\u00e3o Jos\u00e9 Basketball anuncia promo\u00e7\u00e3o na venda de ingressos para pr\u00f3ximo jogo em casa"},"content":{"rendered":"\n<p class=\"wp-block-paragraph\">Entre os l\u00edderes do Campeonato Paulista, o Mr.Moo S\u00e3o Jos\u00e9 Basketball anunciou a promo\u00e7\u00e3o \u201cmeu big 3\u201d para o pr\u00f3ximo jogo em casa da equipe, que acontecer\u00e1 nesta ter\u00e7a-feira (19), \u00e0s 19h30, no gin\u00e1sio do Teatr\u00e3o.<\/p>\n\n\n\n<p class=\"wp-block-paragraph\">Os ingressos podem ser adquiridos pelo app oficial do clube e pelo site: <a href=\"https:\/\/ingressos.spoten.app\/clube\/284\/sao-jose-basquete\">https:\/\/ingressos.spoten.app\/clube\/284\/sao-jose-basquete<\/a> .<\/p>\n\n\n\n<p class=\"wp-block-paragraph\">As entradas para o setor de arquibancada est\u00e3o dispon\u00edveis por R$ 20,00, com op\u00e7\u00e3o de meia-entrada solid\u00e1ria por R$ 10,00 mediante a doa\u00e7\u00e3o de um quilo de alimento n\u00e3o perec\u00edvel, limitada a 40% da carga total de ingressos. Crian\u00e7as com at\u00e9 7 anos n\u00e3o pagam.<\/p>\n\n\n\n<p class=\"wp-block-paragraph\">Neste jogo, a cada dois ingressos adquiridos para o setor de arquibancada, o(a) torcedor(a) ganhar\u00e1 uma terceira entrada gratuitamente para o mesmo espa\u00e7o. De princ\u00edpio, a pessoa receber\u00e1 um voucher escrito &#8220;vale tr\u00eas ingressos&#8221;, que ser\u00e1 automaticamente trocado pelos ingressos no sistema do aplicativo todo dia \u00e0s 10h e \u00e0s 16h, sem que o torcedor precise fazer nada a mais. A promo\u00e7\u00e3o \u00e9 v\u00e1lida at\u00e9 \u00e0s 17h do dia da partida.<\/p>\n\n\n\n<p class=\"wp-block-paragraph\">A novidade desta temporada \u00e9 o setor das cadeiras de quadra, que ser\u00e3o comercializadas a pre\u00e7o \u00fanico de R$ 40,00. Os estacionamentos do MIC (Museu Interativo de Ci\u00eancias) e do S\u00e3o Jos\u00e9 E.C. estar\u00e3o dispon\u00edveis e ser\u00e3o gratuitos para todos.<\/p>\n\n\n\n<h2 class=\"wp-block-heading\"><strong>Restri\u00e7\u00f5es de acesso<\/strong><\/h2>\n\n\n\n<p class=\"wp-block-paragraph\">Para garantir a seguran\u00e7a de todos os presentes, o clube refor\u00e7a que \u00e9 proibida a entrada no gin\u00e1sio com: armas de fogo ou brancas, objetos cortantes ou perfurantes, capacetes, garrafas e latas, guarda-chuvas, embalagens r\u00edgidas com tampa, utens\u00edlios de armazenamento, cadeiras ou bancos e alimentos de qualquer tipo.<\/p>\n\n\n\n<p class=\"wp-block-paragraph\">A Equipe do Mr.Moo S\u00e3o Jos\u00e9 Basketball conta com o patroc\u00ednio do Mr.Moo, Vale Sul Shopping, Milclean, Vinac Cons\u00f3rcios, Raposo Engenharia, \u00c1rbore Engenharia, Oscar Cal\u00e7ados, Sabin, DM, Valebeton, Farma Conde e Bluefit. Apoio da Cl\u00ednica Cotrel, Emercor, Tomovale, Padaria Kennedy, Com-Sci\u00eancia Sa\u00fade, RT Sports e Puma Zeladoria. Gest\u00e3o do S\u00e3o Jos\u00e9 Desportivo. O projeto \u00e9 uma realiza\u00e7\u00e3o da Prefeitura de S\u00e3o Jos\u00e9 dos Campos.<\/p>\n\n\n\n<figure class=\"wp-block-image size-large\"><img fetchpriority=\"high\" decoding=\"async\" width=\"1024\" height=\"682\" src=\"https:\/\/dev.midiasim.net.br\/saojosebasketball\/wp-content\/uploads\/2025\/11\/WhatsApp-Image-2025-11-06-at-17.55.32-2-1024x682.jpeg\" alt=\"Cr\u00e9ditos: L\u00e9o Lenzi\/Ag\u00eancia NTZ\" class=\"wp-image-6003\" srcset=\"https:\/\/dev.midiasim.net.br\/saojosebasketball\/wp-content\/uploads\/2025\/11\/WhatsApp-Image-2025-11-06-at-17.55.32-2-1024x682.jpeg 1024w, https:\/\/dev.midiasim.net.br\/saojosebasketball\/wp-content\/uploads\/2025\/11\/WhatsApp-Image-2025-11-06-at-17.55.32-2-300x200.jpeg 300w, https:\/\/dev.midiasim.net.br\/saojosebasketball\/wp-content\/uploads\/2025\/11\/WhatsApp-Image-2025-11-06-at-17.55.32-2-768x512.jpeg 768w, https:\/\/dev.midiasim.net.br\/saojosebasketball\/wp-content\/uploads\/2025\/11\/WhatsApp-Image-2025-11-06-at-17.55.32-2.jpeg 1280w\" sizes=\"(max-width: 1024px) 100vw, 1024px\" \/><figcaption class=\"wp-element-caption\">Cr\u00e9ditos: L\u00e9o Lenzi\/Ag\u00eancia NTZ<\/figcaption><\/figure>\n\n\n\n<h2 class=\"wp-block-heading\"><strong>Servi\u00e7o:<\/strong><\/h2>\n\n\n\n<p class=\"wp-block-paragraph\">Mr.Moo S\u00e3o Jos\u00e9 Basketball anuncia promo\u00e7\u00e3o na venda de ingressos para pr\u00f3ximo jogo em casa<\/p>\n\n\n\n<p class=\"wp-block-paragraph\"><strong>Campeonato Paulista \u2013 5\u00aa Rodada<\/strong><\/p>\n\n\n\n<p class=\"wp-block-paragraph\"><strong>Mr.Moo S\u00e3o Jos\u00e9 Basketball x Osasco<\/strong><\/p>\n\n\n\n<p class=\"wp-block-paragraph\"><strong>Data:<\/strong> 19\/08 (ter\u00e7a-feira) \u00e0s 19h30<\/p>\n\n\n\n<p class=\"wp-block-paragraph\"><strong>Local:<\/strong> Gin\u00e1sio do Teatr\u00e3o \u2013 S\u00e3o Jos\u00e9 dos Campos\/SP<\/p>\n\n\n\n<p class=\"wp-block-paragraph\"><strong>Ingressos:<\/strong> <a href=\"https:\/\/ingressos.spoten.app\/clube\/284\/sao-jose-basquete\">https:\/\/ingressos.spoten.app\/clube\/284\/sao-jose-basquete<\/a><\/p>\n\n\n\n<p class=\"wp-block-paragraph\"><strong>Transmiss\u00e3o:<\/strong> YouTube do S\u00e3o Jos\u00e9 Basketball<\/p>\n\n\n\n<h2 class=\"wp-block-heading\"><strong>Elenco:<\/strong><\/h2>\n\n\n\n<p class=\"wp-block-paragraph\"><strong>Armadores: <\/strong>Cau\u00ea Verzola, Guilherme Lessa e Gabriel Pedrosa<\/p>\n\n\n\n<p class=\"wp-block-paragraph\"><strong>Ala\/armador: <\/strong>Adyel Borges e Jo\u00e3o Nickel<\/p>\n\n\n\n<p class=\"wp-block-paragraph\"><strong>Alas: <\/strong>Malcolm Miller, L\u00e9o Cravero, Gabriel Pessoa, Jo\u00e3o Guimar\u00e3es e Pedro Emanuel<\/p>\n\n\n\n<p class=\"wp-block-paragraph\"><strong>Ala\/piv\u00f4: <\/strong>Douglas dos Santos e Bruno Foresti<\/p>\n\n\n\n<p class=\"wp-block-paragraph\"><strong>Piv\u00f4s: <\/strong>Anderson Rodrigues, Maique Tavares e Nat\u00e3<\/p>\n\n\n\n<p class=\"wp-block-paragraph\"><strong>Comiss\u00e3o t\u00e9cnica:<\/strong><\/p>\n\n\n\n<p class=\"wp-block-paragraph\">Luis In\u00e1cio Messias \u2013 Diretor Geral<\/p>\n\n\n\n<p class=\"wp-block-paragraph\">Andr\u00e9 Stefanelli (Ded\u00e9) \u2013 Supervisor T\u00e9cnico<\/p>\n\n\n\n<p class=\"wp-block-paragraph\">R\u00e9gis Marrelli \u2013 T\u00e9cnico<\/p>\n\n\n\n<p class=\"wp-block-paragraph\">Cristiano Ahmed \u2013 Assistente T\u00e9cnico<\/p>\n\n\n\n<p class=\"wp-block-paragraph\">Paulo Nery &#8211; Preparador F\u00edsico<\/p>\n\n\n\n<p class=\"wp-block-paragraph\">Matheus Guirro &#8211; Assistente de V\u00eddeo<\/p>\n\n\n\n<p class=\"wp-block-paragraph\">Pedro Morais &#8211; Estat\u00edstico<\/p>\n\n\n\n<p class=\"wp-block-paragraph\">Dr. Diego Braga &#8211; M\u00e9dico<\/p>\n\n\n\n<p class=\"wp-block-paragraph\">Igor de Lima &#8211; Fisioterapeuta<\/p>\n\n\n\n<p class=\"wp-block-paragraph\">Fernando dos Santos &#8211; Atendente<\/p>\n\n\n\n<p class=\"wp-block-paragraph\">Geraldo Sampaio \u2013 Atendente<\/p>\n\n\n\n<p class=\"wp-block-paragraph\"><strong>Patroc\u00ednio: <\/strong>Mr.Moo | Vale Sul Shopping | Milclean | Vinac Cons\u00f3rcios | Raposo Engenharia | \u00c1rbore Engenharia | Oscar Cal\u00e7ados | Sabin | DM | Valebeton | Farma Conde | Bluefit<\/p>\n\n\n\n<p class=\"wp-block-paragraph\"><strong>Parceria: <\/strong>Cl\u00ednica Cotrel | Emercor | Tomovale | Padaria Kennedy | Com-Sci\u00eancia Sa\u00fade | RT Sports | Puma Zeladoria<\/p>\n\n\n\n<p class=\"wp-block-paragraph\"><strong>Gest\u00e3o: <\/strong>S\u00e3o Jos\u00e9 Desportivo<\/p>\n\n\n\n<p class=\"wp-block-paragraph\"><strong>Realiza\u00e7\u00e3o: <\/strong>Prefeitura Municipal de S\u00e3o Jos\u00e9 dos Campos<\/p>\n\n\n\n<p class=\"wp-block-paragraph\"><strong>Assessoria de Imprensa e Comunica\u00e7\u00e3o \u2013 Ag\u00eancia NTZ<\/strong><\/p>\n","protected":false},"excerpt":{"rendered":"<p>Entre os l\u00edderes do Campeonato Paulista, o Mr.Moo S\u00e3o Jos\u00e9 Basketball anunciou a promo\u00e7\u00e3o \u201cmeu big 3\u201d para o pr\u00f3ximo jogo em casa da equipe, que acontecer\u00e1 nesta ter\u00e7a-feira (19), \u00e0s 19h30, no gin\u00e1sio do Teatr\u00e3o. Os ingressos podem ser adquiridos pelo app oficial do clube e pelo site: https:\/\/ingressos.spoten.app\/clube\/284\/sao-jose-basquete . As entradas para o [&hellip;]<\/p>\n","protected":false},"author":3,"featured_media":6002,"comment_status":"open","ping_status":"open","sticky":false,"template":"","format":"standard","meta":{"footnotes":""},"categories":[28],"tags":[],"class_list":["post-6072","post","type-post","status-publish","format-standard","has-post-thumbnail","hentry","category-noticias"],"_links":{"self":[{"href":"https:\/\/dev.midiasim.net.br\/saojosebasketball\/wp-json\/wp\/v2\/posts\/6072","targetHints":{"allow":["GET"]}}],"collection":[{"href":"https:\/\/dev.midiasim.net.br\/saojosebasketball\/wp-json\/wp\/v2\/posts"}],"about":[{"href":"https:\/\/dev.midiasim.net.br\/saojosebasketball\/wp-json\/wp\/v2\/types\/post"}],"author":[{"embeddable":true,"href":"https:\/\/dev.midiasim.net.br\/saojosebasketball\/wp-json\/wp\/v2\/users\/3"}],"replies":[{"embeddable":true,"href":"https:\/\/dev.midiasim.net.br\/saojosebasketball\/wp-json\/wp\/v2\/comments?post=6072"}],"version-history":[{"count":0,"href":"https:\/\/dev.midiasim.net.br\/saojosebasketball\/wp-json\/wp\/v2\/posts\/6072\/revisions"}],"wp:featuredmedia":[{"embeddable":true,"href":"https:\/\/dev.midiasim.net.br\/saojosebasketball\/wp-json\/wp\/v2\/media\/6002"}],"wp:attachment":[{"href":"https:\/\/dev.midiasim.net.br\/saojosebasketball\/wp-json\/wp\/v2\/media?parent=6072"}],"wp:term":[{"taxonomy":"category","embeddable":true,"href":"https:\/\/dev.midiasim.net.br\/saojosebasketball\/wp-json\/wp\/v2\/categories?post=6072"},{"taxonomy":"post_tag","embeddable":true,"href":"https:\/\/dev.midiasim.net.br\/saojosebasketball\/wp-json\/wp\/v2\/tags?post=6072"}],"curies":[{"name":"wp","href":"https:\/\/api.w.org\/{rel}","templated":true}]}}